{"id":5617,"date":"2026-08-28T10:48:57","date_gmt":"2026-08-28T13:48:57","guid":{"rendered":"https:\/\/gabrieliezzi.com\/portal\/?p=5617"},"modified":"2026-09-02T10:50:12","modified_gmt":"2026-09-02T13:50:12","slug":"fallos-penales-de-interes-general-habeas-corpus-rechazado-y-elevado-en-consulta-2","status":"publish","type":"post","link":"https:\/\/gabrieliezzi.com\/portal\/2026\/08\/28\/fallos-penales-de-interes-general-habeas-corpus-rechazado-y-elevado-en-consulta-2\/","title":{"rendered":"Fallos Penales de Inter\u00e9s General  \u2013 Habeas corpus \u2013 Rechazado y elevado en consulta"},"content":{"rendered":"\n<p>\u201c(\u2026)&nbsp;I.- Rub\u00e9n Dar\u00edo Fern\u00e1ndez Castillo interpuso la presente acci\u00f3n de h\u00e1beas corpus a favor de su primo J. M. Vilchez&nbsp;Araque pasaporte venezolano n\u00b0 (\u2026)-, estimando que se encuentra privado de su libertad ambulatoria de manera arbitraria e ileg\u00edtima desde el arribo de su vuelo el d\u00eda 16 de julio de 2026&nbsp;<em>\u201cen la zona de tr\u00e1nsito\/embarque del Aeropuerto Internacional Jorge Newbery (Aeroparque), bajo la custodia de la Polic\u00eda de Seguridad&nbsp;Aeroportuaria&nbsp;y&nbsp;con&nbsp;una&nbsp;inminente&nbsp;deportaci\u00f3n&nbsp;programada&nbsp;por&nbsp;la&nbsp;Direcci\u00f3n&nbsp;Nacional&nbsp;de&nbsp;Migraciones&nbsp;(DNM)\u201d.&nbsp;<\/em>Ello pese a que contaba con la carta de invitaci\u00f3n que se le extendi\u00f3 el 13 de julio pasado.<\/p>\n\n\n\n<p>II.- Surge del legajo que ayer el peticionante intent\u00f3 ingresar al pa\u00eds desde la Rep\u00fablica de Colombia, en el vuelo (\u2026) de la empresa \u201cAvianca\u201d que arrib\u00f3 al Aeropuerto Internacional Jorge Newbery, con fines tur\u00edsticos.<\/p>\n\n\n\n<p>Sin embargo, se le impidi\u00f3 dado que la Junta de Control Migratorio para perfeccionar su entrada realiz\u00f3 las consultas de rigor y verific\u00f3&nbsp;<em>\u201cque no posee seguro de viaje para cubrir su estad\u00eda, no posee dinero en efectivo ni solvencia econ\u00f3mica, declara que el dinero se lo envi\u00f3 a su familiar que vive en Argentina. Como equipaje, solo una mochila, presenta paraje de retorno para el d\u00eda 29\/09\/2026 con la empresa &#8216;JetSmart&#8217;, pero tambi\u00e9n tiene intenciones de poder residir en&nbsp;la Argentina. Adem\u00e1s de querer visitar a su primo segundo, residente permanente en Argentina, DNI (\u2026), domicilio que declara para su estad\u00eda es el del primo, Valle Grande (\u2026), Olivos, Partido de&nbsp;Vicente L\u00f3pez. A su vez se informa que el pasajero en cuesti\u00f3n ya posee en sistema un registro previo de rechazo por sospecha fundada el 16\/05\/2026. Por lo expuesto, se informa la novedad al Sr. Jefe de Sector, Robledo Dami\u00e1n, el cual instruye se proceda al rechazo del mismo, encuadrando en disposici\u00f3n 4634\/14, labrando las actas&nbsp;correspondientes\u00bb<\/em>.<\/p>\n\n\n\n<p>Asimismo, la Direcci\u00f3n de Asuntos Jur\u00eddicos de la&nbsp;Direcci\u00f3n Nacional de Migraciones remiti\u00f3 la copia de la nota: NO-2026&nbsp;-69251149-APN-DAI#DNM de la que se extrae que se procedi\u00f3 a inadmitir al ciudadano extranjero, por considerarlo&nbsp;<em>\u201cseudo-turista\u201d&nbsp;<\/em>al no cumplir con los requisitos exigidos por la normativa vigente para encuadrar su ingreso en la categor\u00eda pretendida, existiendo sospecha fundada de que la real intenci\u00f3n del ingreso difer\u00eda de la manifestada (arts. 35 incisos b y c de la Ley 25.871, modificado por el Decreto n\u00ba 366\/25 y Disposici\u00f3n n\u00ba 4362\/2014).<\/p>\n\n\n\n<p>Tambi\u00e9n aclar\u00f3 que Vilchez Araque&nbsp;<em>\u201cno se encuentra privado de su libertad, sino simplemente se le ha denegado, por cuestiones de pol\u00edtica migratoria, su ingreso al pa\u00eds. De tal suerte que&nbsp;su estad\u00eda en el Aeroparque obedece a la espera del vuelo que lo regresar\u00e1 a su punto de origen. Mas no existe en el caso la restricci\u00f3n&nbsp;de libertad\u201d<\/em>.<\/p>\n\n\n\n<p>III.- Compartimos la decisi\u00f3n adoptada por la jueza de&nbsp;grado, toda vez que las intenciones migratorias ventiladas no dan lugar a la v\u00eda excepcional, sino que deber\u00e1n ser canalizadas ante las autoridades, de considerarlo necesario, mediante las impugnaciones administrativas y judiciales que resulten pertinentes en raz\u00f3n de la intervenci\u00f3n de la Direcci\u00f3n Nacional de Migraciones. Adem\u00e1s de las peticiones que se podr\u00e1n realizar ante su consulado.<\/p>\n\n\n\n<p>En\u00a0consecuencia,\u00a0el\u00a0Tribunal\u00a0RESUELVE: CONFIRMAR\u00a0el\u00a0auto\u00a0elevado\u00a0en\u00a0consulta\u00a0(\u2026)\u201d.<\/p>\n\n\n\n<div class=\"wp-block-file\"><object class=\"wp-block-file__embed\" data=\"https:\/\/gabrieliezzi.com\/portal\/wp-content\/uploads\/2026\/09\/N\u00b0-111-2026-V-A-J-M.pdf\" type=\"application\/pdf\" style=\"width:100%;height:600px\" aria-label=\"Incrustado de N\u00b0-111-2026-V-A-J-M.\"><\/object><a id=\"wp-block-file--media-845b8a9d-4e8c-4948-958f-0d4f70ce40c7\" href=\"https:\/\/gabrieliezzi.com\/portal\/wp-content\/uploads\/2026\/09\/N\u00b0-111-2026-V-A-J-M.pdf\">N\u00b0-111-2026-V-A-J-M<\/a><a href=\"https:\/\/gabrieliezzi.com\/portal\/wp-content\/uploads\/2026\/09\/N\u00b0-111-2026-V-A-J-M.pdf\" class=\"wp-block-file__button wp-element-button\" download aria-describedby=\"wp-block-file--media-845b8a9d-4e8c-4948-958f-0d4f70ce40c7\">Descarga<\/a><\/div>\n\n\n\n<p><\/p>\n","protected":false},"excerpt":{"rendered":"<p>\u201c(\u2026)&nbsp;I.- Rub\u00e9n Dar\u00edo Fern\u00e1ndez Castillo interpuso la presente acci\u00f3n de h\u00e1beas corpus a favor de su primo J. M. Vilchez&nbsp;Araque pasaporte venezolano n\u00b0 (\u2026)-, estimando que se encuentra privado de su libertad ambulatoria de manera&#8230;<\/p>\n","protected":false},"author":1,"featured_media":4907,"comment_status":"closed","ping_status":"closed","sticky":false,"template":"","format":"standard","meta":[],"categories":[6],"tags":[],"_links":{"self":[{"href":"https:\/\/gabrieliezzi.com\/portal\/wp-json\/wp\/v2\/posts\/5617"}],"collection":[{"href":"https:\/\/gabrieliezzi.com\/portal\/wp-json\/wp\/v2\/posts"}],"about":[{"href":"https:\/\/gabrieliezzi.com\/portal\/wp-json\/wp\/v2\/types\/post"}],"author":[{"embeddable":true,"href":"https:\/\/gabrieliezzi.com\/portal\/wp-json\/wp\/v2\/users\/1"}],"replies":[{"embeddable":true,"href":"https:\/\/gabrieliezzi.com\/portal\/wp-json\/wp\/v2\/comments?post=5617"}],"version-history":[{"count":1,"href":"https:\/\/gabrieliezzi.com\/portal\/wp-json\/wp\/v2\/posts\/5617\/revisions"}],"predecessor-version":[{"id":5619,"href":"https:\/\/gabrieliezzi.com\/portal\/wp-json\/wp\/v2\/posts\/5617\/revisions\/5619"}],"wp:featuredmedia":[{"embeddable":true,"href":"https:\/\/gabrieliezzi.com\/portal\/wp-json\/wp\/v2\/media\/4907"}],"wp:attachment":[{"href":"https:\/\/gabrieliezzi.com\/portal\/wp-json\/wp\/v2\/media?parent=5617"}],"wp:term":[{"taxonomy":"category","embeddable":true,"href":"https:\/\/gabrieliezzi.com\/portal\/wp-json\/wp\/v2\/categories?post=5617"},{"taxonomy":"post_tag","embeddable":true,"href":"https:\/\/gabrieliezzi.com\/portal\/wp-json\/wp\/v2\/tags?post=5617"}],"curies":[{"name":"wp","href":"https:\/\/api.w.org\/{rel}","templated":true}]}}