{"id":4443,"date":"2023-02-02T12:04:00","date_gmt":"2023-02-02T15:04:00","guid":{"rendered":"https:\/\/gabrieliezzi.com\/portal\/?p=4443"},"modified":"2023-08-10T12:05:12","modified_gmt":"2023-08-10T15:05:12","slug":"con-el-analisis-de-funcionarios-comenzo-en-diputados-el-debate-sobre-el-proyecto-de-monotributo-tecnologico","status":"publish","type":"post","link":"https:\/\/gabrieliezzi.com\/portal\/2023\/02\/02\/con-el-analisis-de-funcionarios-comenzo-en-diputados-el-debate-sobre-el-proyecto-de-monotributo-tecnologico\/","title":{"rendered":"CON EL AN\u00c1LISIS DE FUNCIONARIOS, COMENZ\u00d3 EN DIPUTADOS EL DEBATE SOBRE EL PROYECTO DE MONOTRIBUTO TECNOL\u00d3GICO"},"content":{"rendered":"\n<figure class=\"wp-block-embed is-type-video is-provider-youtube wp-block-embed-youtube wp-embed-aspect-16-9 wp-has-aspect-ratio\"><div class=\"wp-block-embed__wrapper\">\n<iframe loading=\"lazy\" title=\"Con el an\u00e1lisis de funcionarios, comenz\u00f3 el debate sobre el proyecto de monotributo tecnol\u00f3gico\" width=\"500\" height=\"281\" src=\"https:\/\/www.youtube.com\/embed\/H0pHOwxC6bo?feature=oembed\" frameborder=\"0\" allow=\"accelerometer; autoplay; clipboard-write; encrypted-media; gyroscope; picture-in-picture; web-share\" allowfullscreen><\/iframe>\n<\/div><\/figure>\n\n\n\n<p><\/p>\n\n\n\n<p><em>La iniciativa implica un r\u00e9gimen simplificado y cambiario para peque\u00f1os contribuyentes tecnol\u00f3gicos y tiene por objeto fomentar la exportaci\u00f3n de conocimiento y talento argentino, as\u00ed como tambi\u00e9n brindar un marco normativo a los sectores de la econom\u00eda del conocimiento.<\/em><br><br>La Comisi\u00f3n de Presupuesto y Hacienda, que preside el diputado Carlos Heller (FdT), inici\u00f3 con invitados el an\u00e1lisis del proyecto que establece un r\u00e9gimen simplificado y un r\u00e9gimen cambiario para peque\u00f1os contribuyentes tecnol\u00f3gicos.<br><br>\u201cSe establece un r\u00e9gimen tributario integrado y simplificado (\u201cMono-Tech\u201d) relativo al impuesto a las ganancias, al impuesto al valor agregado y al sistema previsional, destinado a los Peque\u00f1os Contribuyentes que realicen actividades de la econom\u00eda del conocimiento enunciadas en el art\u00edculo 2\u00ba de la Ley N\u00b0 27.506 del R\u00e9gimen de Promoci\u00f3n de la Econom\u00eda del Conocimiento y sus modificaciones y\/o efect\u00faen cualquier tipo de prestaci\u00f3n de servicios, deben tratarse de actividades desarrolladas en el pa\u00eds cuya utilizaci\u00f3n o explotaci\u00f3n efectiva se lleve a cabo en el exterior\u201d, indica el texto que impulsa el Ministerio de Econom\u00eda.<br><br>Adem\u00e1s, se instituye un R\u00e9gimen cambiario para peque\u00f1os contribuyentes tecnol\u00f3gicos que posibilita que estos sujetos se encuentren exceptuados de la obligaci\u00f3n de liquidar las divisas percibidas por las actividades alcanzadas por la presente medida en el Mercado Libre de Cambios (MLC). El objetivo es tengan un esquema \u00e1gil y sencillo para tributar en el pa\u00eds y, as\u00ed, generar un incentivo para que opten por ingresar las divisas a la Argentina y eviten recurrir a mecanismos de opacidad fiscal en el exterior.<br><br>Al respecto, el subsecretario de Financiamiento y Regulaci\u00f3n de la Econom\u00eda del Conocimiento, Eduardo Kutner, consider\u00f3 que el proyecto \u201cen s\u00ed parte de una serie de estrategias que tiene el gobierno, a trav\u00e9s del Ministerio de Econom\u00eda y de la secretar\u00eda de Econom\u00eda del Conocimiento para generar empleo e ingreso de divisas en el pa\u00eds, entendemos que es un sector importante y creemos que es un ecosistema que va ir en crecimiento en el pa\u00eds\u201d.<br><br>El funcionario tambi\u00e9n destac\u00f3 la Ley de promoci\u00f3n de econom\u00eda del conocimiento en el que hay 649 empresas inscriptas y \u201ca fin de a\u00f1o se esperan 1000 empresas dentro del r\u00e9gimen\u201d. A su vez, dijo que \u201cel objetivo es incorporar al mercado formal a muchos profesionales en una visi\u00f3n integradora e inclusiva que ampl\u00eda derechos, se establecen categor\u00edas acordes con la capacidad contributiva, es medida sin costo fiscal, incentivo para poder adquirir bienes registrables en el pa\u00eds y con perspectiva federal\u201d.<br><br>La subsecretaria de Ingresos P\u00fablicos, Claudia Balestrini, realiz\u00f3 precisiones t\u00e9cnicas vinculadas al proyecto \u201ccomprendidas en los dos cap\u00edtulos de la iniciativa: los aspectos tributarios y cambiarios\u201d y explic\u00f3 que los \u201cingresos deben ser por exportaci\u00f3n de servicios comprendidos en la ley de R\u00e9gimen de Promoci\u00f3n de la Econom\u00eda del Conocimiento, y tambi\u00e9n, en cualquier prestaci\u00f3n de servicios. La condici\u00f3n es que los cobros sean provenientes del exterior e inferiores o iguales al equivalente a 30 mil d\u00f3lares devengados en los \u00faltimos doce meses\u201d.<br><br>\u201cCada contribuyente que est\u00e9 en condiciones de adherirse a este r\u00e9gimen espec\u00edfico de mono -tech \u00a0puede compatibilizarlo, no solamente con sus otras actividades inscriptas bajo otros reg\u00edmenes que pueden ser no solamente el monotributo amplio o general sino el r\u00e9gimen general de imposici\u00f3n\u201d, manifest\u00f3 Balestrini y defini\u00f3 la incorporaci\u00f3n de la actividad E-sport como un \u201cuniverso muy atractivo e incipiente y que no se hab\u00eda tenido en cuenta hasta este momento y es una muy buena oportunidad e incentivo a j\u00f3venes para incorporarse a una econom\u00eda formal\u201d.<br><br>Por su parte, subdirector de recaudaci\u00f3n general de la Administraci\u00f3n Federal de Ingresos P\u00fablicos (AFIP), Jos\u00e9 Bianchi, explic\u00f3 que todas las reglamentaciones \u201cvan a estar sustentadas en un concepto de simplificaci\u00f3n, todos los tr\u00e1mites van a ser v\u00eda web y respecto al tr\u00e1mite o transmisi\u00f3n de informaci\u00f3n al BCRA se prev\u00e9 la automatizaci\u00f3n de la informaci\u00f3n\u201d. En cuanto a la adhesi\u00f3n de las provincias resalt\u00f3 que \u201chay toda una integraci\u00f3n que est\u00e1 funcionando y un proyecto de integraci\u00f3n de todas las administraciones tributarias a trav\u00e9s de la red federal de administraciones tributarias\u201d.<br><br>Adem\u00e1s, Bianchi destac\u00f3 que \u201cla transparencia en el uso de los fondos, ya que estas actividades al no estar registradas, hoy la utilizaci\u00f3n que puedan hacer de los servicios es en efectivo y hay una alta propensi\u00f3n de no emisi\u00f3n de la factura\u201d. \u201cCon la formalizaci\u00f3n del monotech vamos a obtener todo un mecanismo de pago que lleva a la obligaci\u00f3n de realizar facturaci\u00f3n y eso, adem\u00e1s de elevar la recaudaci\u00f3n del impuesto al valor agregado genera que toda la cadena empiece a estar formalizada y un Impacto positivo en el impuesto a las ganancias\u201d, puntualiz\u00f3.<\/p>\n","protected":false},"excerpt":{"rendered":"<p>La iniciativa implica un r\u00e9gimen simplificado y cambiario para peque\u00f1os contribuyentes tecnol\u00f3gicos y tiene por objeto fomentar la exportaci\u00f3n de conocimiento y talento argentino, as\u00ed como tambi\u00e9n brindar un marco normativo a los sectores de&#8230;<\/p>\n","protected":false},"author":1,"featured_media":3803,"comment_status":"closed","ping_status":"closed","sticky":false,"template":"","format":"standard","meta":[],"categories":[11],"tags":[],"_links":{"self":[{"href":"https:\/\/gabrieliezzi.com\/portal\/wp-json\/wp\/v2\/posts\/4443"}],"collection":[{"href":"https:\/\/gabrieliezzi.com\/portal\/wp-json\/wp\/v2\/posts"}],"about":[{"href":"https:\/\/gabrieliezzi.com\/portal\/wp-json\/wp\/v2\/types\/post"}],"author":[{"embeddable":true,"href":"https:\/\/gabrieliezzi.com\/portal\/wp-json\/wp\/v2\/users\/1"}],"replies":[{"embeddable":true,"href":"https:\/\/gabrieliezzi.com\/portal\/wp-json\/wp\/v2\/comments?post=4443"}],"version-history":[{"count":1,"href":"https:\/\/gabrieliezzi.com\/portal\/wp-json\/wp\/v2\/posts\/4443\/revisions"}],"predecessor-version":[{"id":4444,"href":"https:\/\/gabrieliezzi.com\/portal\/wp-json\/wp\/v2\/posts\/4443\/revisions\/4444"}],"wp:featuredmedia":[{"embeddable":true,"href":"https:\/\/gabrieliezzi.com\/portal\/wp-json\/wp\/v2\/media\/3803"}],"wp:attachment":[{"href":"https:\/\/gabrieliezzi.com\/portal\/wp-json\/wp\/v2\/media?parent=4443"}],"wp:term":[{"taxonomy":"category","embeddable":true,"href":"https:\/\/gabrieliezzi.com\/portal\/wp-json\/wp\/v2\/categories?post=4443"},{"taxonomy":"post_tag","embeddable":true,"href":"https:\/\/gabrieliezzi.com\/portal\/wp-json\/wp\/v2\/tags?post=4443"}],"curies":[{"name":"wp","href":"https:\/\/api.w.org\/{rel}","templated":true}]}}