{"id":4264,"date":"2022-04-22T12:46:25","date_gmt":"2022-04-22T15:46:25","guid":{"rendered":"https:\/\/gabrieliezzi.com\/portal\/?p=4264"},"modified":"2023-02-08T12:47:55","modified_gmt":"2023-02-08T15:47:55","slug":"marco-lavagna-presento-ante-diputados-un-informe-del-indec-sobre-los-avances-en-el-censo-2022","status":"publish","type":"post","link":"https:\/\/gabrieliezzi.com\/portal\/2022\/04\/22\/marco-lavagna-presento-ante-diputados-un-informe-del-indec-sobre-los-avances-en-el-censo-2022\/","title":{"rendered":"MARCO LAVAGNA PRESENT\u00d3 ANTE DIPUTADOS UN INFORME DEL INDEC SOBRE LOS AVANCES EN EL CENSO 2022"},"content":{"rendered":"<p>El director del\u00a0<b>Instituto Nacional de Estad\u00edstica y Censos (Indec)<\/b>, Marco Lavagna, present\u00f3 un informe con avances sobre el\u00a0<b>Censo Nacional de Poblaci\u00f3n, Hogares y Viviendas de la Rep\u00fablica Argentina del 2022<\/b>.<\/p>\n<p>\u201cLa reuni\u00f3n tuvo como objetivo ir contando qu\u00e9 es lo que estamos trabajando en materia del Censo, y poder contestar las dudas que ten\u00edan algunos legisladores sobre c\u00f3mo era el proceso y la protecci\u00f3n de datos\u201d, sostuvo el titular del Indec.<\/p>\n<p>Durante el encuentro llevado a cabo en el Sal\u00f3n Delia Parodi, y que cont\u00f3 con la participaci\u00f3n del presidente de la C\u00e1mara de Diputados, Sergio Massa, se inform\u00f3 a los legisladores de distintos bloques presentes que por primera vez en la historia de Argentina, el Censo 2022 ser\u00e1 bimodal (digital y presencial). En tanto, Lavagna dio precisiones sobre c\u00f3mo se est\u00e1 avanzando para lograr tener un Censo 2022 exitoso, \u201ccon datos muy robustos que ayuden a la toma de decisi\u00f3n y al planeamiento estrat\u00e9gico\u201d, expres\u00f3.<\/p>\n<div class=\"iframely-embed medium-embedded-content\" data-html=\"Jmx0O2RpdiBzdHlsZT0ibGVmdDogMDsgd2lkdGg6IDEwMCU7IGhlaWdodDogMDsgcG9zaXRpb246IHJlbGF0aXZlOyBwYWRkaW5nLWJvdHRvbTogNTYuMjUlOyImZ3Q7Jmx0O2lmcmFtZSBzcmM9Imh0dHBzOi8vY29udGVudC5qd3BsYXRmb3JtLmNvbS9wbGF5ZXJzL21yWmczVEpnLWJ1UWdpTFZDLmh0bWwiIHN0eWxlPSJ0b3A6IDA7IGxlZnQ6IDA7IHdpZHRoOiAxMDAlOyBoZWlnaHQ6IDEwMCU7IHBvc2l0aW9uOiBhYnNvbHV0ZTsgYm9yZGVyOiAwOyIgYWxsb3dmdWxsc2NyZWVuIGFsbG93PSJhdXRvcGxheTsgZW5jcnlwdGVkLW1lZGlhOyImZ3Q7Jmx0Oy9pZnJhbWUmZ3Q7Jmx0Oy9kaXYmZ3Q7Jmx0O2RpdiBjbGFzcz0ibWVkaXVtLWluc2VydC1lbWJlZHMtbWV0YSImZ3Q7Jmx0O3NjcmlwdCB0eXBlPSJ0ZXh0L2pzb24iJmd0O3sidXJsIjoiaHR0cHM6Ly9jb250ZW50Lmp3cGxhdGZvcm0uY29tL3ByZXZpZXdzL21yWmczVEpnLWJ1UWdpTFZDIiwidHlwZSI6InZpZGVvIiwidmVyc2lvbiI6IjEuMCIsInRpdGxlIjoiVmlkZW8gTWFyY28gTGF2YWduYSBDZW5zbyAyMDIyIiwidGh1bWJuYWlsX3VybCI6Imh0dHBzOi8vYXNzZXRzLWpwY3VzdC5qd3BzcnYuY29tL3RodW1icy9tclpnM1RKZy03MjAuanBnIiwidGh1bWJuYWlsX3dpZHRoIjo3MjAsInRodW1ibmFpbF9oZWlnaHQiOjQwNiwiY2FjaGVfYWdlIjo4NjQwMH0mbHQ7L3NjcmlwdCZndDsmbHQ7L2RpdiZndDs=\">\n<div class=\"iframely-embed\">\n<div class=\"iframely-responsive\"><\/div>\n<\/div>\n<\/div>\n<p>Participaron del encuentro el secretario General de la HCDN, Juan Manuel Cheppi; los diputados Cecilia Moreau, Germ\u00e1n Mart\u00ednez, Silvia Lospennato, Fabio Quetglas, Juan Manuel L\u00f3pez, Mart\u00edn Tetaz, Margarita Stolbizer, Camila Crescimbeni, Dina Rezinovsky, Mar\u00eda Sotolano, Danya Tavela, Alejandro \u00abTopo\u00bb Rodr\u00edguez, Graciela Cama\u00f1o y Myriam Bregman.<\/p>\n<p>En representaci\u00f3n del INDEC estuvieron Gladys Mass\u00e9, Directora General Estad\u00edsticas Sociales y de Poblaci\u00f3n; Santiago Tettamanti, Coordinador de Operativos Censales; Gabriel Serralta, Coordinador de Tecnolog\u00eda de la Informaci\u00f3n y Comunicaci\u00f3n y Pablo Ceballos, Director General del Sistema Estad\u00edstico Nacional y Pedro Lines, Director T\u00e9cnico de INDEC.<\/p>\n<p>En lo que respecta al Censo,\u00a0<b>desde el 16 de marzo y hasta el 18 de mayo de 2022<\/b>\u00a0(d\u00eda que ser\u00e1 decretado feriado nacional) a las 8 de la ma\u00f1ana, las personas podr\u00e1n autocompletar el cuestionario digital para censar a todos los integrantes de su hogar en la web\u00a0<a href=\"http:\/\/censo.gob.ar\/\" target=\"_blank\" rel=\"noopener\">censo.gob.ar<\/a>. Quienes no lo hayan hecho de forma virtual, deber\u00e1n hacerlo presencial. Todas las personas tendr\u00e1n que esperar a su censista en sus domicilios hasta las 18hs.<\/p>\n<div style=\"width: 1280px;\" class=\"wp-video\"><!--[if lt IE 9]><script>document.createElement('video');<\/script><![endif]-->\n<video class=\"wp-video-shortcode\" id=\"video-4264-1\" width=\"1280\" height=\"720\" preload=\"metadata\" controls=\"controls\"><source type=\"video\/mp4\" src=\"https:\/\/gabrieliezzi.com\/portal\/wp-content\/uploads\/2023\/02\/22-DE-ABRIL-MARCO-LAVAGNA-PRESENT\u00d3-ANTE-DIPUTADOS-UN-INFORME-DEL-INDEC-SOBRE-LOS-AVANCES-EN-EL-CENSO-2022.mp4?_=1\" \/><a href=\"https:\/\/gabrieliezzi.com\/portal\/wp-content\/uploads\/2023\/02\/22-DE-ABRIL-MARCO-LAVAGNA-PRESENT\u00d3-ANTE-DIPUTADOS-UN-INFORME-DEL-INDEC-SOBRE-LOS-AVANCES-EN-EL-CENSO-2022.mp4\">https:\/\/gabrieliezzi.com\/portal\/wp-content\/uploads\/2023\/02\/22-DE-ABRIL-MARCO-LAVAGNA-PRESENT\u00d3-ANTE-DIPUTADOS-UN-INFORME-DEL-INDEC-SOBRE-LOS-AVANCES-EN-EL-CENSO-2022.mp4<\/a><\/video><\/div>\n","protected":false},"excerpt":{"rendered":"<p>El director del\u00a0Instituto Nacional de Estad\u00edstica y Censos (Indec), Marco Lavagna, present\u00f3 un informe con avances sobre el\u00a0Censo Nacional de Poblaci\u00f3n, Hogares y Viviendas de la Rep\u00fablica Argentina del 2022. \u201cLa reuni\u00f3n tuvo como objetivo&#8230;<\/p>\n","protected":false},"author":1,"featured_media":3803,"comment_status":"closed","ping_status":"closed","sticky":false,"template":"","format":"standard","meta":[],"categories":[11],"tags":[],"_links":{"self":[{"href":"https:\/\/gabrieliezzi.com\/portal\/wp-json\/wp\/v2\/posts\/4264"}],"collection":[{"href":"https:\/\/gabrieliezzi.com\/portal\/wp-json\/wp\/v2\/posts"}],"about":[{"href":"https:\/\/gabrieliezzi.com\/portal\/wp-json\/wp\/v2\/types\/post"}],"author":[{"embeddable":true,"href":"https:\/\/gabrieliezzi.com\/portal\/wp-json\/wp\/v2\/users\/1"}],"replies":[{"embeddable":true,"href":"https:\/\/gabrieliezzi.com\/portal\/wp-json\/wp\/v2\/comments?post=4264"}],"version-history":[{"count":1,"href":"https:\/\/gabrieliezzi.com\/portal\/wp-json\/wp\/v2\/posts\/4264\/revisions"}],"predecessor-version":[{"id":4266,"href":"https:\/\/gabrieliezzi.com\/portal\/wp-json\/wp\/v2\/posts\/4264\/revisions\/4266"}],"wp:featuredmedia":[{"embeddable":true,"href":"https:\/\/gabrieliezzi.com\/portal\/wp-json\/wp\/v2\/media\/3803"}],"wp:attachment":[{"href":"https:\/\/gabrieliezzi.com\/portal\/wp-json\/wp\/v2\/media?parent=4264"}],"wp:term":[{"taxonomy":"category","embeddable":true,"href":"https:\/\/gabrieliezzi.com\/portal\/wp-json\/wp\/v2\/categories?post=4264"},{"taxonomy":"post_tag","embeddable":true,"href":"https:\/\/gabrieliezzi.com\/portal\/wp-json\/wp\/v2\/tags?post=4264"}],"curies":[{"name":"wp","href":"https:\/\/api.w.org\/{rel}","templated":true}]}}