{"id":4038,"date":"2022-06-16T11:49:32","date_gmt":"2022-06-16T14:49:32","guid":{"rendered":"https:\/\/gabrieliezzi.com\/portal\/?p=4038"},"modified":"2022-08-31T12:01:50","modified_gmt":"2022-08-31T15:01:50","slug":"diputados-avanza-el-proyecto-de-ley-que-otorga-a-los-pacientes-el-acceso-a-prestaciones-integrales-de-cuidados-paliativos","status":"publish","type":"post","link":"https:\/\/gabrieliezzi.com\/portal\/2022\/06\/16\/diputados-avanza-el-proyecto-de-ley-que-otorga-a-los-pacientes-el-acceso-a-prestaciones-integrales-de-cuidados-paliativos\/","title":{"rendered":"DIPUTADOS: AVANZA EL PROYECTO DE LEY QUE OTORGA A LOS PACIENTES EL ACCESO A PRESTACIONES INTEGRALES DE CUIDADOS PALIATIVOS\u00a0"},"content":{"rendered":"<p>La Comisi\u00f3n de Acci\u00f3n Social y Salud P\u00fablica, emiti\u00f3 dictamen al proyecto de ley que tiene como objetivo asegurar el acceso de los pacientes a las prestaciones integrales sobre cuidados paliativos. El mismo, ser\u00e1 tratado el martes en la comisi\u00f3n de Presupuesto y Hacienda.<\/p>\n<p>El proyecto de ley que actualmente cuenta con media sanci\u00f3n del Senado, busca desarrollar una estrategia de atenci\u00f3n interdisciplinaria centrada en la persona que atienda las necesidades f\u00edsicas, ps\u00edquicas, sociales y espirituales de los pacientes que se enfrentan a los problemas asociados con enfermedades cr\u00f3nicas, progresivas, avanzadas y potencialmente amenazantes para la vida.<\/p>\n<p>Ana Carla Carrizo, desde Evoluci\u00f3n Radical, afirm\u00f3 que el proyecto \u201ces el punto de llegada de much\u00edsimas experiencias, nacionalizando e igualando un sistema de cuidados que estaba fragmentado en el pa\u00eds\u00bb.<\/p>\n<p>Por su parte, la diputada Mara Brawer mencion\u00f3: \u201cEl cuidado de las personas que viven una enfermedad limitante o amenazante es un derecho y por lo tanto el Estado lo tiene que garantizar\u201d, puntualizando en que el proyecto \u201cSe ocupa no solo de los medicamentos, sino de las t\u00e9cnicas, los cuidados y las personas\u201d.<\/p>\n<p>Tambi\u00e9n abarca la formaci\u00f3n de las personas que se tienen que cuidar, como detalla Brawer \u201cSean familia, cuidadores comunitarios, o primer paso del sistema de salud como la atenci\u00f3n primaria. Realmente es un proyecto muy completo que se lo debemos a la sociedad\u201d.<\/p>\n<p>Adem\u00e1s, la norma tiene por objetivo asegurar el acceso de los pacientes a las prestaciones sobre cuidados paliativos en sus distintas modalidades en el \u00e1mbito p\u00fablico, privado y de la seguridad social y el acompa\u00f1amiento a sus familias.<\/p>\n<p>Por otra parte, obtuvo respaldo la iniciativa que declara de inter\u00e9s p\u00fablico nacional la prevenci\u00f3n y control de la Resistencia Antimicrobiana, proyecto que tiene por objeto \u201cestablecer los mecanismos necesarios para promover la prevenci\u00f3n y el control de la resistencia antimicrobiana en el territorio nacional\u201d.<\/p>\n<p><iframe loading=\"lazy\" width=\"500\" height=\"281\" src=\"https:\/\/www.youtube.com\/embed\/-txhUzkulWA?feature=oembed\" frameborder=\"0\" allow=\"accelerometer; autoplay; clipboard-write; encrypted-media; gyroscope; picture-in-picture\" allowfullscreen title=\"COMISI\u00d3N COMPLETA: 14 de junio de 2022 - ACCI\u00d3N SOCIAL Y SALUD P\u00daBLICA - Diputados Argentina\"><\/iframe><\/p>\n","protected":false},"excerpt":{"rendered":"<p>La Comisi\u00f3n de Acci\u00f3n Social y Salud P\u00fablica, emiti\u00f3 dictamen al proyecto de ley que tiene como objetivo asegurar el acceso de los pacientes a las prestaciones integrales sobre cuidados paliativos. El mismo, ser\u00e1 tratado&#8230;<\/p>\n","protected":false},"author":1,"featured_media":4015,"comment_status":"closed","ping_status":"closed","sticky":false,"template":"","format":"standard","meta":[],"categories":[11],"tags":[],"_links":{"self":[{"href":"https:\/\/gabrieliezzi.com\/portal\/wp-json\/wp\/v2\/posts\/4038"}],"collection":[{"href":"https:\/\/gabrieliezzi.com\/portal\/wp-json\/wp\/v2\/posts"}],"about":[{"href":"https:\/\/gabrieliezzi.com\/portal\/wp-json\/wp\/v2\/types\/post"}],"author":[{"embeddable":true,"href":"https:\/\/gabrieliezzi.com\/portal\/wp-json\/wp\/v2\/users\/1"}],"replies":[{"embeddable":true,"href":"https:\/\/gabrieliezzi.com\/portal\/wp-json\/wp\/v2\/comments?post=4038"}],"version-history":[{"count":2,"href":"https:\/\/gabrieliezzi.com\/portal\/wp-json\/wp\/v2\/posts\/4038\/revisions"}],"predecessor-version":[{"id":4045,"href":"https:\/\/gabrieliezzi.com\/portal\/wp-json\/wp\/v2\/posts\/4038\/revisions\/4045"}],"wp:featuredmedia":[{"embeddable":true,"href":"https:\/\/gabrieliezzi.com\/portal\/wp-json\/wp\/v2\/media\/4015"}],"wp:attachment":[{"href":"https:\/\/gabrieliezzi.com\/portal\/wp-json\/wp\/v2\/media?parent=4038"}],"wp:term":[{"taxonomy":"category","embeddable":true,"href":"https:\/\/gabrieliezzi.com\/portal\/wp-json\/wp\/v2\/categories?post=4038"},{"taxonomy":"post_tag","embeddable":true,"href":"https:\/\/gabrieliezzi.com\/portal\/wp-json\/wp\/v2\/tags?post=4038"}],"curies":[{"name":"wp","href":"https:\/\/api.w.org\/{rel}","templated":true}]}}