{"id":2738,"date":"2020-03-06T15:19:20","date_gmt":"2020-03-06T18:19:20","guid":{"rendered":"http:\/\/gabrieliezzi.com\/portal\/?p=2738"},"modified":"2020-03-06T15:19:20","modified_gmt":"2020-03-06T18:19:20","slug":"espana-cuatro-anos-de-carcel-a-un-enfermero-por-espiar-un-historial-medico","status":"publish","type":"post","link":"https:\/\/gabrieliezzi.com\/portal\/2020\/03\/06\/espana-cuatro-anos-de-carcel-a-un-enfermero-por-espiar-un-historial-medico\/","title":{"rendered":"Espa\u00f1a: Cuatro a\u00f1os de c\u00e1rcel a un enfermero por espiar un historial m\u00e9dico"},"content":{"rendered":"<h2 class=\"not_entradilla\">La Fiscal\u00eda solicita una multa de 8.640 euros y la inhabilitaci\u00f3n de su profesi\u00f3n durante 9 a\u00f1os<\/h2>\n<p>&nbsp;<\/p>\n<p>La\u00a0<strong>Fiscal\u00eda<\/strong>\u00a0pide cuatro a\u00f1os de prisi\u00f3n y el pago de una\u00a0<strong>multa de m\u00e1s de 8.000 euros\u00a0<\/strong>por la presunta comisi\u00f3n de un<strong>\u00a0delito contra la intimidad\u00a0<\/strong>para un hombre acusado de espiar los datos m\u00e9dicos a trav\u00e9s del programa informatizado del Centro de Salud de\u00a0<strong>Castell de Ferro\u00a0<\/strong>(Granada).<\/p>\n<p>Seg\u00fan consta en el escrito de acusaci\u00f3n p\u00fablica, al que ha tenido acceso Europa Press, este hombre, de nacionalidad espa\u00f1ola y con<strong>\u00a0antecedentes penales\u00a0<\/strong>no computables a efectos de reincidencia,\u00a0\u00a0aprovech\u00f3 su\u00a0<strong>condici\u00f3n de enfermero<\/strong>\u00a0en el centro de salud de la localidad de la Costa Tropical granadina para \u00abefectuar diversos accesos a trav\u00e9s del programa informatizado y consulta cl\u00ednica\u00bb.<\/p>\n<p>\u00abEl acusado, entre las 12,47 horas y las 14,36 horas del 14 de agosto de 2014, efectu\u00f3 diversos accesos a los datos registrados en el<strong>\u00a0historial cl\u00ednico\u00a0<\/strong>del afectado sin su conocimiento ni autorizaci\u00f3n, y sin que existiera entre ambos ninguna relaci\u00f3n asistencial\u00bb, asegura el escrito.<\/p>\n<p>Por todo ello, la Fiscal\u00eda acusa a este hombre de un supuesto<strong>\u00a0delito contra la intimidad\u00a0<\/strong>en su modalidad de\u00a0<strong>descubrimiento de secretos<\/strong>, y le pide por ello una pena de\u00a0<strong>cuatro a\u00f1os de prisi\u00f3n<\/strong>, el pago de una\u00a0<strong>multa de 8.640 euros\u00a0<\/strong>y la inhabilitaci\u00f3n de su profesi\u00f3n durante nueve a\u00f1os.<\/p>\n<p>La Secci\u00f3n Segunda de la<strong>\u00a0Audiencia Provincial de Granada<\/strong>\u00a0tiene previsto acoger este juicio el pr\u00f3ximo 25 de marzo.<\/p>\n<p>&nbsp;<\/p>\n<p>Publicado originalmente en <a href=\"https:\/\/www.redaccionmedica.com\/secciones\/derecho\/cuatro-anos-de-carcel-a-un-enfermero-por-espiar-un-historial-medico-2498\">redaccionmedica.com<\/a><\/p>\n","protected":false},"excerpt":{"rendered":"<p>La Fiscal\u00eda solicita una multa de 8.640 euros y la inhabilitaci\u00f3n de su profesi\u00f3n durante 9 a\u00f1os &nbsp; La\u00a0Fiscal\u00eda\u00a0pide cuatro a\u00f1os de prisi\u00f3n y el pago de una\u00a0multa de m\u00e1s de 8.000 euros\u00a0por la presunta&#8230;<\/p>\n","protected":false},"author":1,"featured_media":2739,"comment_status":"closed","ping_status":"closed","sticky":false,"template":"","format":"standard","meta":[],"categories":[2],"tags":[],"_links":{"self":[{"href":"https:\/\/gabrieliezzi.com\/portal\/wp-json\/wp\/v2\/posts\/2738"}],"collection":[{"href":"https:\/\/gabrieliezzi.com\/portal\/wp-json\/wp\/v2\/posts"}],"about":[{"href":"https:\/\/gabrieliezzi.com\/portal\/wp-json\/wp\/v2\/types\/post"}],"author":[{"embeddable":true,"href":"https:\/\/gabrieliezzi.com\/portal\/wp-json\/wp\/v2\/users\/1"}],"replies":[{"embeddable":true,"href":"https:\/\/gabrieliezzi.com\/portal\/wp-json\/wp\/v2\/comments?post=2738"}],"version-history":[{"count":1,"href":"https:\/\/gabrieliezzi.com\/portal\/wp-json\/wp\/v2\/posts\/2738\/revisions"}],"predecessor-version":[{"id":2740,"href":"https:\/\/gabrieliezzi.com\/portal\/wp-json\/wp\/v2\/posts\/2738\/revisions\/2740"}],"wp:featuredmedia":[{"embeddable":true,"href":"https:\/\/gabrieliezzi.com\/portal\/wp-json\/wp\/v2\/media\/2739"}],"wp:attachment":[{"href":"https:\/\/gabrieliezzi.com\/portal\/wp-json\/wp\/v2\/media?parent=2738"}],"wp:term":[{"taxonomy":"category","embeddable":true,"href":"https:\/\/gabrieliezzi.com\/portal\/wp-json\/wp\/v2\/categories?post=2738"},{"taxonomy":"post_tag","embeddable":true,"href":"https:\/\/gabrieliezzi.com\/portal\/wp-json\/wp\/v2\/tags?post=2738"}],"curies":[{"name":"wp","href":"https:\/\/api.w.org\/{rel}","templated":true}]}}