{"id":2559,"date":"2019-11-06T09:27:11","date_gmt":"2019-11-06T12:27:11","guid":{"rendered":"http:\/\/gabrieliezzi.com\/portal\/?p=2559"},"modified":"2019-11-06T09:27:33","modified_gmt":"2019-11-06T12:27:33","slug":"se-convirtio-en-ley-el-juicio-por-jurado-en-entre-rios","status":"publish","type":"post","link":"https:\/\/gabrieliezzi.com\/portal\/2019\/11\/06\/se-convirtio-en-ley-el-juicio-por-jurado-en-entre-rios\/","title":{"rendered":"Se convirti\u00f3 en ley el Juicio por Jurado en Entre R\u00edos"},"content":{"rendered":"<p><strong>La C\u00e1mara de Diputados aprob\u00f3 por unanimidad el proyecto del Ejecutivo que fue impulsado por distintos sectores de la comunidad<\/strong><\/p>\n<p>&nbsp;<\/p>\n<p>La C\u00e1mara de Diputados de la provincia aprob\u00f3 el proyecto y convirti\u00f3 en ley la sanci\u00f3n definitiva del\u00a0<a class=\"agrupador\" href=\"http:\/\/www.unoentrerios.com.ar\/juicio-jurado-a20040\" rel=\"20040\">Juicio por Jurado<\/a>.<\/p>\n<p>El expediente se hab\u00eda aprobado d\u00edas pasado por unanimidad en Senadores y ahora ocurri\u00f3 lo mismo en la c\u00e1mara baja.<\/p>\n<p>En este sentido, el presidente del Superior Tribunal de Justicia de Entre R\u00edos (STJER), Emilio Castrillon, y la vicepresidenta del alto cuerpo, Susana Medina junto a los vocales Mart\u00edn Carbonell, Miguel \u00c1ngel Giorgio y Bernardo Salduna celebraron hoy la sanci\u00f3n definitiva del Juicio por Jurados que por unanimidad alcanz\u00f3 la C\u00e1mara de Diputados.<\/p>\n<p>\u00abEs un paso enorme para la participaci\u00f3n ciudadana y la democratizaci\u00f3n de la Justicia. Confiamos en la capacidad de los entrerrianos. Todos los que lo sepan ni ejerzan el derecho van a poder ser jurados. Con este instituto le damos a la provincia una herramienta que prev\u00e9 la Constituci\u00f3n y que la pondr\u00e1, c\u00f3mo merece, a la vanguardia porque hemos alcanzado una norma superadora y de gran consenso\u00bb, dijo Castrillon.<\/p>\n<p>En el recinto, acompa\u00f1aron el tratamiento del proyecto Alfredo P\u00e9rez Galimberti, vicepresidente del Instituto de Estudios Comparados en Ciencias Penales y Sociales (Inecip) y Andr\u00e9s Harfuch, director del Centro de Juicio por Jurados y Participaci\u00f3n Ciudadana del Instituto de Estudios Comparados en Ciencias Penales y Sociales, y vicepresidente de la Asociaci\u00f3n Argentina de Juicios por Jurados.<\/p>\n<p>Estuvieron tambien el vocal del Tribunal de Juicio, Elvio Garz\u00f3n como la presidenta de la Asociaci\u00f3n de la Magistratura y la Funci\u00f3n Judicial de Entre Rios, Gabriela L\u00f3pez Arango.<\/p>\n<p>Cabe recordar que desde el Poder Judicial se destac\u00f3 la decisi\u00f3n del gobernador de Entre Rios, Gustavo Bordet, de impulsar el proyecto de ley de creaci\u00f3n de este instrumento por lo que se acompa\u00f1\u00f3 ese proceso con distintas jornadas de capacitaci\u00f3n sobre el tema impulsadas por el Instituto \u00abDr Juan Bautista Alberdi\u00bb del Poder Judicial como con la participaci\u00f3n de magistrados en las jornadas que sobre la tem\u00e1tica se realizaron en otros poderes de la provincia o en otras jurisdicciones.<\/p>\n<p>Tambien se expres\u00f3 el diputado Esteban Vitor, de Juntos por el Cambio, quien asegur\u00f3 que hoy \u00abes un d\u00eda hist\u00f3rico en el que saldamos una deuda con los entrerrianos y con los constituyentes del pa\u00eds y de la provincia. Venimos a sancionar una ley que debimos aprobar hace muchos a\u00f1os\u00bb, afirm\u00f3 Vitor durante el tratamiento del proyecto de ley de Juicio por Jurados en Diputados.<\/p>\n<p>El diputado destac\u00f3 la labor lograda en la elaboraci\u00f3n del texto de ley de diferentes institutos, colegios, magistrados como del Poder Judicial y reconoci\u00f3 especialmente la tarea de la ministro de Gobierno, Rosario Romero, en la articulaci\u00f3n del proyecto hoy sancionado definitivamente.<\/p>\n<p>Vitor garantiz\u00f3 que el instituto traera beneficios como la participaci\u00f3n, la igualdad, y la democratizaci\u00f3n de la Justicia y garantiz\u00f3 que se trata de \u00bb un nuevo paradigma que traer\u00e1 m\u00e1s inclusi\u00f3n\u00bb.<\/p>\n<p>De todos modos, advirti\u00f3 que aspira a que en un breve tiempo el Juicio por Jurados sea extensible a los actos de corrupci\u00f3n contra el Estado como a todas las ramas del derecho, ya que actualmente se limita s\u00f3lo a lo penal.<\/p>\n<p>\u00abEstoy convencido de que damos un salto cualitativo en la administraci\u00f3n de Justicia. Me siento protagonista de este cambio. S\u00e9 que los cambios son resistidos pero estamos dando un paso inclusivo, hacia adelante y con garant\u00edas\u00bb, dijo Vitor.<\/p>\n<p>Entre otros puntos y durante su alocuci\u00f3n, destac\u00f3 la relevancia de Andr\u00e9s Harfuch en el proceso de estudio del proyecto sancionado hoy y puso de relieve la importancia y profesionalismo del letrado que estuvo en el recinto y que es director del Centro de Juicio por Jurados y Participaci\u00f3n Ciudadana del Instituto de Estudios Comparados en Ciencias Penales y Sociales y vicepresidente de la Asociaci\u00f3n Argentina de Juicio por Jurados.<\/p>\n<p>&nbsp;<\/p>\n<p>Publicado originalmente en<a href=\"https:\/\/www.unoentrerios.com.ar\/la-provincia\/se-convirtio-ley-el-juicio-jurado-rios-n2540583.html\"> unoentrerios.com.ar<\/a><\/p>\n","protected":false},"excerpt":{"rendered":"<p>La C\u00e1mara de Diputados aprob\u00f3 por unanimidad el proyecto del Ejecutivo que fue impulsado por distintos sectores de la comunidad &nbsp; La C\u00e1mara de Diputados de la provincia aprob\u00f3 el proyecto y convirti\u00f3 en ley&#8230;<\/p>\n","protected":false},"author":1,"featured_media":2560,"comment_status":"closed","ping_status":"closed","sticky":false,"template":"","format":"standard","meta":[],"categories":[2],"tags":[],"_links":{"self":[{"href":"https:\/\/gabrieliezzi.com\/portal\/wp-json\/wp\/v2\/posts\/2559"}],"collection":[{"href":"https:\/\/gabrieliezzi.com\/portal\/wp-json\/wp\/v2\/posts"}],"about":[{"href":"https:\/\/gabrieliezzi.com\/portal\/wp-json\/wp\/v2\/types\/post"}],"author":[{"embeddable":true,"href":"https:\/\/gabrieliezzi.com\/portal\/wp-json\/wp\/v2\/users\/1"}],"replies":[{"embeddable":true,"href":"https:\/\/gabrieliezzi.com\/portal\/wp-json\/wp\/v2\/comments?post=2559"}],"version-history":[{"count":2,"href":"https:\/\/gabrieliezzi.com\/portal\/wp-json\/wp\/v2\/posts\/2559\/revisions"}],"predecessor-version":[{"id":2562,"href":"https:\/\/gabrieliezzi.com\/portal\/wp-json\/wp\/v2\/posts\/2559\/revisions\/2562"}],"wp:featuredmedia":[{"embeddable":true,"href":"https:\/\/gabrieliezzi.com\/portal\/wp-json\/wp\/v2\/media\/2560"}],"wp:attachment":[{"href":"https:\/\/gabrieliezzi.com\/portal\/wp-json\/wp\/v2\/media?parent=2559"}],"wp:term":[{"taxonomy":"category","embeddable":true,"href":"https:\/\/gabrieliezzi.com\/portal\/wp-json\/wp\/v2\/categories?post=2559"},{"taxonomy":"post_tag","embeddable":true,"href":"https:\/\/gabrieliezzi.com\/portal\/wp-json\/wp\/v2\/tags?post=2559"}],"curies":[{"name":"wp","href":"https:\/\/api.w.org\/{rel}","templated":true}]}}