{"id":2546,"date":"2019-11-04T13:20:01","date_gmt":"2019-11-04T16:20:01","guid":{"rendered":"http:\/\/gabrieliezzi.com\/portal\/?p=2546"},"modified":"2019-11-04T13:20:16","modified_gmt":"2019-11-04T16:20:16","slug":"tecnologia-al-servicio-del-combate-contra-la-trata","status":"publish","type":"post","link":"https:\/\/gabrieliezzi.com\/portal\/2019\/11\/04\/tecnologia-al-servicio-del-combate-contra-la-trata\/","title":{"rendered":"Tecnolog\u00eda al servicio del combate contra la trata"},"content":{"rendered":"<p>En una diligencia in\u00e9dita, la Justicia recibi\u00f3 por videoconferencia una declaraci\u00f3n realizada en c\u00e1mara Gesell a una mujer que reside en Colombia y que\u00a0era explotada sexualmente en Buenos Aires.<\/p>\n<p>&nbsp;<\/p>\n<p>A partir de la colaboraci\u00f3n internacional, la Justicia recibi\u00f3 una declaraci\u00f3n por videoconferencia en c\u00e1mara Gesell producida desde la ciudad de Medell\u00edn, Colombia, donde reside una v\u00edctima de\u00a0trata de personas. La investigaci\u00f3n est\u00e1 a cargo del fiscal federal Eduardo Taiano.<\/p>\n<p>La causa comenz\u00f3 en\u00a02018 a ra\u00edz de la denuncia efectuada por el Consulado de Colombia en Buenos Aires ante la Procuradur\u00eda de Trata y Explotaci\u00f3n de Personas (PROTEX). \u00a0La v\u00edctima es una ciudadana de aquel pa\u00eds y\u00a0era explotada sexualmente por un hombre de nacionalidad argentina, a quien hab\u00eda conocido a trav\u00e9s de una red social.<\/p>\n<p>Recientemente, el Juzgado Nacional en lo Criminal y Correccional Federal N\u00ba8 orden\u00f3 el procesamiento con prisi\u00f3n preventiva del imputado y calific\u00f3 sus conductas como constitutivas, entre otros, del delito de trata de personas agravado por la violencia, amenazas y la situaci\u00f3n de vulnerabilidad de la v\u00edctima.<\/p>\n<p>&nbsp;<\/p>\n<blockquote><p><em>Desde el\u00a0MPF\u00a0se\u00f1alaron que con la cooperaci\u00f3n internacional \u201cse logr\u00f3 la medida de manera satisfactoria, logrando obtener importante informaci\u00f3n para el esclarecimiento de los hechos, y tambi\u00e9n propiciar la protecci\u00f3n y reparaci\u00f3n del da\u00f1o sufrido por la v\u00edctima\u201d.<\/em><\/p><\/blockquote>\n<p>&nbsp;<\/p>\n<p>En concreto, el magistrado tuvo por acreditado el calvario f\u00edsico y psicol\u00f3gico vivenciado por la v\u00edctima. Tambi\u00e9n analiz\u00f3 c\u00f3mo conoci\u00f3 al imputado; de qu\u00e9 manera lleg\u00f3 a la Argentina; en qu\u00e9 domicilios fue acogida; en qu\u00e9 consist\u00eda la violencia f\u00edsica, sexual, psicol\u00f3gica y econ\u00f3mica que aqu\u00e9l ejerc\u00eda; c\u00f3mo era privada y reducida de su libertad; a qu\u00e9 actividades il\u00edcitas se dedicaba el imputado y qu\u00e9 instrumentos de coacci\u00f3n y amenazas utilizaba para mantener oculta la privaci\u00f3n.<\/p>\n<p>Sin embargo, en el caso se plante\u00f3 la necesidad de contar con el testimonio de la v\u00edctima a fin de avanzar hacia la pr\u00f3xima etapa procesal, por ello se confeccion\u00f3, seg\u00fan informaron, un exhorto dirigido a las autoridades colombianas, para que se le recibiera declaraci\u00f3n en c\u00e1mara Gesell.<\/p>\n<p>Desde el MPF\u00a0se\u00f1alaron que con la cooperaci\u00f3n internacional \u201cse logr\u00f3 la medida de manera satisfactoria, logrando obtener importante informaci\u00f3n para el esclarecimiento de los hechos, y tambi\u00e9n propiciar la protecci\u00f3n y reparaci\u00f3n del da\u00f1o sufrido por la v\u00edctima\u201d.<\/p>\n<p>&nbsp;<\/p>\n<p>Publicado originalmente en <a href=\"https:\/\/www.diariojudicial.com\/nota\/84851\/noticias\/tecnologia-al-servicio-del-combate-contra-la-trata.html\">diariojudicial.com<\/a><\/p>\n","protected":false},"excerpt":{"rendered":"<p>En una diligencia in\u00e9dita, la Justicia recibi\u00f3 por videoconferencia una declaraci\u00f3n realizada en c\u00e1mara Gesell a una mujer que reside en Colombia y que\u00a0era explotada sexualmente en Buenos Aires. &nbsp; A partir de la colaboraci\u00f3n&#8230;<\/p>\n","protected":false},"author":1,"featured_media":2547,"comment_status":"closed","ping_status":"closed","sticky":false,"template":"","format":"standard","meta":[],"categories":[2],"tags":[],"_links":{"self":[{"href":"https:\/\/gabrieliezzi.com\/portal\/wp-json\/wp\/v2\/posts\/2546"}],"collection":[{"href":"https:\/\/gabrieliezzi.com\/portal\/wp-json\/wp\/v2\/posts"}],"about":[{"href":"https:\/\/gabrieliezzi.com\/portal\/wp-json\/wp\/v2\/types\/post"}],"author":[{"embeddable":true,"href":"https:\/\/gabrieliezzi.com\/portal\/wp-json\/wp\/v2\/users\/1"}],"replies":[{"embeddable":true,"href":"https:\/\/gabrieliezzi.com\/portal\/wp-json\/wp\/v2\/comments?post=2546"}],"version-history":[{"count":2,"href":"https:\/\/gabrieliezzi.com\/portal\/wp-json\/wp\/v2\/posts\/2546\/revisions"}],"predecessor-version":[{"id":2549,"href":"https:\/\/gabrieliezzi.com\/portal\/wp-json\/wp\/v2\/posts\/2546\/revisions\/2549"}],"wp:featuredmedia":[{"embeddable":true,"href":"https:\/\/gabrieliezzi.com\/portal\/wp-json\/wp\/v2\/media\/2547"}],"wp:attachment":[{"href":"https:\/\/gabrieliezzi.com\/portal\/wp-json\/wp\/v2\/media?parent=2546"}],"wp:term":[{"taxonomy":"category","embeddable":true,"href":"https:\/\/gabrieliezzi.com\/portal\/wp-json\/wp\/v2\/categories?post=2546"},{"taxonomy":"post_tag","embeddable":true,"href":"https:\/\/gabrieliezzi.com\/portal\/wp-json\/wp\/v2\/tags?post=2546"}],"curies":[{"name":"wp","href":"https:\/\/api.w.org\/{rel}","templated":true}]}}