{"id":2318,"date":"2019-08-07T10:46:02","date_gmt":"2019-08-07T13:46:02","guid":{"rendered":"http:\/\/gabrieliezzi.com\/portal\/?p=2318"},"modified":"2019-08-07T10:46:02","modified_gmt":"2019-08-07T13:46:02","slug":"boudou-debera-pagarle-1-500-000-a-boldt-por-danos-y-perjuicios","status":"publish","type":"post","link":"https:\/\/gabrieliezzi.com\/portal\/2019\/08\/07\/boudou-debera-pagarle-1-500-000-a-boldt-por-danos-y-perjuicios\/","title":{"rendered":"Boudou deber\u00e1 pagarle $1.500.000 a Boldt por da\u00f1os y perjuicios"},"content":{"rendered":"<p>&nbsp;<\/p>\n<p>El ex vicepresidente Amado Boudou deber\u00e1 pagarle al due\u00f1o de Boldt, Antonio Tabanelli 1.500.000 de pesos por da\u00f1os y perjuicios.<\/p>\n<p>As\u00ed lo resolvi\u00f3 este martes el Juzgado Civil Federal 1 quien sentenci\u00f3 a Boudou a pagarle a Tabanelli en concepto de indemnizaci\u00f3n por da\u00f1o moral, la suma de $500.000, m\u00e1s intereses que llevan ese monto a algo m\u00e1s de $1.500.000.<\/p>\n<p>El conflicto surgi\u00f3 en 2012 cuando el ex vicepresidente acus\u00f3 a Tabanelli de \u00abmafioso\u00bb y de armar una operaci\u00f3n en su contra para quedarse con Ciccone Calcogr\u00e1fica.<\/p>\n<p>Tabanelli acudi\u00f3 a la justicia en 2014 luego de reclamar durante dos a\u00f1os que Boudou se retracte de sus dichos. El empresario argumentaba en su acci\u00f3n civil que las acusaciones del ex vicepresidente generaron una ca\u00edda de las acciones de Boldt, entre otros perjuicios a la empresa.<\/p>\n<p>\u00abMuchas veces peleamos contra poderes ocultos, poderes que se esconden atr\u00e1s de sectores de la prensa, del trabajo que hace el Grupo Clar\u00edn y el diario La Naci\u00f3n utiliz\u00e1ndolos a veces para hacer trastadas pol\u00edticas y a veces para hacer negocios. Y me estoy refiriendo al grupo Boldt, que est\u00e1 detr\u00e1s de todo esto\u00bb, hab\u00eda disparado el vicepresidente en marzo de 2012, a un mes de que se conozca su vinculaci\u00f3n con la ex imprenta Ciccone Calcogr\u00e1fica.<\/p>\n<p>Por entonces, el juzgado de la quiebra de Ciccone hab\u00eda otorgado a Boldt un permiso de operaci\u00f3n temporaria de la empresa para preservar las fuentes laborales y se debat\u00eda la cesi\u00f3n definitiva. La firma de Tabanelli estaba interesada pero finalmente qued\u00f3 para la desconocida The Old Fund, que luego se supo estaba vinculada a Boudou.<\/p>\n<p>Boudou hab\u00eda asociado las declaraciones de Laura M\u00fa\u00f1oz, ex mujer de su supuesto testaferro Alejandro Vanderbroele, con una operaci\u00f3n de prensa montada para perjudicarlo y reiter\u00f3 sus cr\u00edticas a la firma Boldt: \u00ab\u00bfSab\u00e9s lo que siento? Mi problema es no haber ayudado a Boldt\u00bb, dijo.<\/p>\n<p>Luego la justicia determin\u00f3 que sucedi\u00f3 lo contrario. Boudou a trav\u00e9s de su mano derecha Jos\u00e9 Mar\u00eda N\u00fanez Carmona amenaz\u00f3 al director de Boldt, Guillermo Gabella, con represalias desde lo m\u00e1s alto del poder si Boldt no retiraba su oferta para quedarse con Ciccone.<\/p>\n<p>&nbsp;<\/p>\n<p>Publicado originalmente en l<a href=\"https:\/\/www.lapoliticaonline.com\/nota\/120814-boudou-debera-pagarle-1-500-000-a-boldt-por-danos-y-perjuicios\/\">apoliticaonline.com<\/a><\/p>\n<p>&nbsp;<\/p>\n<p><a href=\"http:\/\/gabrieliezzi.com\/portal\/wp-content\/uploads\/2019\/08\/Scan__2019_08_07_10_42_51_661.pdf\">Resolucion Completa<\/a><\/p>\n<p>&nbsp;<\/p>\n<p>&nbsp;<\/p>\n","protected":false},"excerpt":{"rendered":"<p>&nbsp; El ex vicepresidente Amado Boudou deber\u00e1 pagarle al due\u00f1o de Boldt, Antonio Tabanelli 1.500.000 de pesos por da\u00f1os y perjuicios. As\u00ed lo resolvi\u00f3 este martes el Juzgado Civil Federal 1 quien sentenci\u00f3 a Boudou&#8230;<\/p>\n","protected":false},"author":1,"featured_media":2319,"comment_status":"closed","ping_status":"closed","sticky":false,"template":"","format":"standard","meta":[],"categories":[2],"tags":[],"_links":{"self":[{"href":"https:\/\/gabrieliezzi.com\/portal\/wp-json\/wp\/v2\/posts\/2318"}],"collection":[{"href":"https:\/\/gabrieliezzi.com\/portal\/wp-json\/wp\/v2\/posts"}],"about":[{"href":"https:\/\/gabrieliezzi.com\/portal\/wp-json\/wp\/v2\/types\/post"}],"author":[{"embeddable":true,"href":"https:\/\/gabrieliezzi.com\/portal\/wp-json\/wp\/v2\/users\/1"}],"replies":[{"embeddable":true,"href":"https:\/\/gabrieliezzi.com\/portal\/wp-json\/wp\/v2\/comments?post=2318"}],"version-history":[{"count":2,"href":"https:\/\/gabrieliezzi.com\/portal\/wp-json\/wp\/v2\/posts\/2318\/revisions"}],"predecessor-version":[{"id":2322,"href":"https:\/\/gabrieliezzi.com\/portal\/wp-json\/wp\/v2\/posts\/2318\/revisions\/2322"}],"wp:featuredmedia":[{"embeddable":true,"href":"https:\/\/gabrieliezzi.com\/portal\/wp-json\/wp\/v2\/media\/2319"}],"wp:attachment":[{"href":"https:\/\/gabrieliezzi.com\/portal\/wp-json\/wp\/v2\/media?parent=2318"}],"wp:term":[{"taxonomy":"category","embeddable":true,"href":"https:\/\/gabrieliezzi.com\/portal\/wp-json\/wp\/v2\/categories?post=2318"},{"taxonomy":"post_tag","embeddable":true,"href":"https:\/\/gabrieliezzi.com\/portal\/wp-json\/wp\/v2\/tags?post=2318"}],"curies":[{"name":"wp","href":"https:\/\/api.w.org\/{rel}","templated":true}]}}