{"id":2301,"date":"2019-07-31T22:59:19","date_gmt":"2019-08-01T01:59:19","guid":{"rendered":"http:\/\/gabrieliezzi.com\/portal\/?p=2301"},"modified":"2019-07-31T22:59:19","modified_gmt":"2019-08-01T01:59:19","slug":"habilitan-feria-judicial-por-la-internacion-de-un-albanil-que-quedo-cuadriplejico","status":"publish","type":"post","link":"https:\/\/gabrieliezzi.com\/portal\/2019\/07\/31\/habilitan-feria-judicial-por-la-internacion-de-un-albanil-que-quedo-cuadriplejico\/","title":{"rendered":"Habilitan feria judicial por la internaci\u00f3n de un alba\u00f1il que qued\u00f3 cuadripl\u00e9jico"},"content":{"rendered":"<h3><strong>La justicia orden\u00f3 al Gobierno de la Ciudad de Buenos Aires que disponga la internaci\u00f3n de un paciente con cuadriplejia en un centro especializado o financie un instituto privado que cumpla con las mismas caracter\u00edsticas<\/strong><\/h3>\n<p>&nbsp;<\/p>\n<p>El titular del Juzgado de Feria n\u00b0 3 en lo Contencioso Administrativo y Tributario,\u00a0<strong>Guillermo Scheibler<\/strong>, hizo lugar a la medida cautelar solicitada por la madre en representaci\u00f3n de su hijo que presenta secuelas de traumatismo intracraneal, traumatismos de la medula espinal cervical, cuadriplejia no especificada y traqueotom\u00eda; y orden\u00f3 que\u00a0<strong>en el t\u00e9rmino de dos d\u00edas<\/strong>, se disponga la internaci\u00f3n del paciente en un centro especializado de tercer nivel, que cumpla con las especificaciones descriptas por el cuerpo de m\u00e9dicos tratantes del Hospital Santojanni, o financie un instituto de gesti\u00f3n privada especializado. Todo ello en el marco de la causa\u00a0<em>\u201cR.D., S.R. y Otros contra GCBA sobre Amparo \u2013 Salud \u2013 Medicamentos y tratamientos\u201d<\/em>.<\/p>\n<p>El paciente cay\u00f3 de espaldas de cuatro metros de altura mientras se encontraba trabajando como alba\u00f1il en una obra, y corre\u00a0<strong>alto riesgo de muerte<\/strong>\u00a0de no ser trasladado a un centro de tercer nivel, tal como lo informa el jefe de la Unidad de Terapia Intensiva y Cardiolog\u00eda del citado nosocomio. A la fecha, no cuenta con obra social ni prepaga, y su grupo familiar no tiene los recursos econ\u00f3micos suficientes para costear el centro de internaci\u00f3n prescripto.<\/p>\n<p>El magistrado subray\u00f3 en relaci\u00f3n al peligro en la demora que \u00aba fin de que resulten admisibles las medidas cautelares, la doctrina y la jurisprudencia exigen la concurrencia de ambos requisitos, si bien puede alguno de ellos encontrarse morigerado ante la fuerte presencia del otro\u00bb. Y agreg\u00f3 que \u00abeste recaudo tambi\u00e9n se encontrar\u00eda acreditado en atenci\u00f3n a la\u00a0<strong>necesidad urgente\u00a0<\/strong>de derivaci\u00f3n del amparista, puesto que de no ser as\u00ed \u2018<strong>debido a su estado depresivo y el riesgo continuo de infecciones intrahospitalarias tiene alto riesgo de muerte\u2019<\/strong>, tal como expresamente lo ha indicado el Dr. Marcelo Minghetti, jefe de la Unidad de Terapia Intensiva y Cardiolog\u00eda del Hospital Santojanni\u00bb.<\/p>\n<p>Record\u00f3\u00a0<strong>Scheibler<\/strong>\u00a0que el derecho a la\u00a0<strong>salud integral<\/strong>\u00a0ha sido reconocido por la Constituci\u00f3n de la Ciudad en el art. 20, y asimismo advirti\u00f3 que \u00abrige la Ley Marco de las Pol\u00edticas para la Participaci\u00f3n e Integraci\u00f3n de las Personas con Necesidades Especiales (ley 447), que establece un r\u00e9gimen b\u00e1sico e Integral para la prevenci\u00f3n, rehabilitaci\u00f3n, equiparaci\u00f3n de posibilidades y oportunidades y para la participaci\u00f3n e integraci\u00f3n plena en la sociedad de las personas con necesidades especiales (\u2026), para asegurarles la igualdad de posibilidades y oportunidades, en lo que aqu\u00ed interesa, en el campo de la salud en materia de prevenci\u00f3n, atenci\u00f3n y rehabilitaci\u00f3n\u00bb.-<\/p>\n<p><a href=\"http:\/\/gabrieliezzi.com\/portal\/wp-content\/uploads\/2019\/07\/F.L.R.D-CAUTELAR.pdf\">Resolucion Completa<\/a><\/p>\n<p>&nbsp;<\/p>\n<p>Publicado originalmente en <a href=\"https:\/\/ijudicial.gob.ar\/2019\/habilitan-la-feria-judicial-por-la-internacion-de-un-albanil-que-quedo-cuadriplejico\/\">Ijudicial.org<\/a><\/p>\n","protected":false},"excerpt":{"rendered":"<p>La justicia orden\u00f3 al Gobierno de la Ciudad de Buenos Aires que disponga la internaci\u00f3n de un paciente con cuadriplejia en un centro especializado o financie un instituto privado que cumpla con las mismas caracter\u00edsticas&#8230;<\/p>\n","protected":false},"author":1,"featured_media":2303,"comment_status":"closed","ping_status":"closed","sticky":false,"template":"","format":"standard","meta":[],"categories":[2],"tags":[],"_links":{"self":[{"href":"https:\/\/gabrieliezzi.com\/portal\/wp-json\/wp\/v2\/posts\/2301"}],"collection":[{"href":"https:\/\/gabrieliezzi.com\/portal\/wp-json\/wp\/v2\/posts"}],"about":[{"href":"https:\/\/gabrieliezzi.com\/portal\/wp-json\/wp\/v2\/types\/post"}],"author":[{"embeddable":true,"href":"https:\/\/gabrieliezzi.com\/portal\/wp-json\/wp\/v2\/users\/1"}],"replies":[{"embeddable":true,"href":"https:\/\/gabrieliezzi.com\/portal\/wp-json\/wp\/v2\/comments?post=2301"}],"version-history":[{"count":1,"href":"https:\/\/gabrieliezzi.com\/portal\/wp-json\/wp\/v2\/posts\/2301\/revisions"}],"predecessor-version":[{"id":2305,"href":"https:\/\/gabrieliezzi.com\/portal\/wp-json\/wp\/v2\/posts\/2301\/revisions\/2305"}],"wp:featuredmedia":[{"embeddable":true,"href":"https:\/\/gabrieliezzi.com\/portal\/wp-json\/wp\/v2\/media\/2303"}],"wp:attachment":[{"href":"https:\/\/gabrieliezzi.com\/portal\/wp-json\/wp\/v2\/media?parent=2301"}],"wp:term":[{"taxonomy":"category","embeddable":true,"href":"https:\/\/gabrieliezzi.com\/portal\/wp-json\/wp\/v2\/categories?post=2301"},{"taxonomy":"post_tag","embeddable":true,"href":"https:\/\/gabrieliezzi.com\/portal\/wp-json\/wp\/v2\/tags?post=2301"}],"curies":[{"name":"wp","href":"https:\/\/api.w.org\/{rel}","templated":true}]}}