{"id":2040,"date":"2019-03-27T19:12:49","date_gmt":"2019-03-27T22:12:49","guid":{"rendered":"http:\/\/gabrieliezzi.com\/portal\/?p=2040"},"modified":"2019-03-27T19:12:49","modified_gmt":"2019-03-27T22:12:49","slug":"declaran-nula-la-cautelar-que-dispuso-la-inaplicabilidad-de-la-resolucion-956-18-del-ministerio-de-seguridad-de-la-nacion","status":"publish","type":"post","link":"https:\/\/gabrieliezzi.com\/portal\/2019\/03\/27\/declaran-nula-la-cautelar-que-dispuso-la-inaplicabilidad-de-la-resolucion-956-18-del-ministerio-de-seguridad-de-la-nacion\/","title":{"rendered":"Declaran nula la cautelar que dispuso la inaplicabilidad de la resoluci\u00f3n 956\/18 del Ministerio de Seguridad de la Naci\u00f3n"},"content":{"rendered":"<p>Los integrantes de la Sala III de la C\u00e1mara de Apelaciones en lo Contencioso Administrativo y Tributario,\u00a0<strong>Esteban Centanaro<\/strong>,\u00a0<strong>Gabriela Seijas<\/strong>\u00a0y\u00a0<a href=\"https:\/\/ijudicial.gob.ar\/juez\/dr-hugo-ricardo-zuleta\/\"><strong>Hugo Zuleta<\/strong><\/a>, resolvieron por\u00a0<strong>unanimidad<\/strong>\u00a0<strong>declarar la nulidad<\/strong>\u00a0de la resoluci\u00f3n dictada por el juez de primera instancia y ordenar el archivo de las actuaciones. Todo ello en el marco de la causa\u00a0<em>\u201cBregman, Myriam Teresa y otros contra GCBA sobre incidente de apelaci\u00f3n \u2013 Amparo \u2013 Impugnaci\u00f3n \u2013 Inconstitucionalidad\u201d<\/em>.<\/p>\n<p>En los considerandos, el camarista Zuleta se\u00f1al\u00f3 que\u00a0<em>\u201cen la<strong>\u00a0competencia federal<\/strong>\u00a0en raz\u00f3n de la materia tiene fundamental importancia el hecho de que las pretensiones jur\u00eddicas en litigio encuentran apoyatura de modo directo e inmediato en el plexo jur\u00eddico federal, ya sea por estar en juego la Constituci\u00f3n, las leyes federales, los tratados con potencias extranjeras, y en general, cualquier norma que haya dictado el gobierno federal en ejercicio de los poderes que las provincias le delegaron en la ley fundacional\u201d<\/em>. Adem\u00e1s, indic\u00f3:\u00a0<em>\u201cDe lo expuesto surge con\u00a0<strong>meridiana claridad<\/strong>\u00a0que el magistrado de grado\u00a0<strong>no resultaba competente<\/strong>\u00a0para analizar la validez e inteligencia de una norma de orden p\u00fablico federal, tal como lo es la resoluci\u00f3n 956\/18, dictada por el Ministerio de Defensa de la Naci\u00f3n (arts. 75, inciso 12, 116, 117 y 121 de la CN)\u201d<\/em>.<\/p>\n<p>Al adherir al voto de su colega, el actual titular de la C\u00e1mara,\u00a0<a href=\"https:\/\/ijudicial.gob.ar\/juez\/dr-esteban-centanaro\/\"><strong>Esteban Centanaro<\/strong><\/a>\u00a0dijo que\u00a0<em>\u201ccomo lo ha destacado el fiscal de C\u00e1mara en su dictamen y conforme al relato de los hechos y el derecho invocado por los actores,\u00a0<strong>se controvierte un acto emitido por una autoridad federal<\/strong>, dictado con apoyo en normas federales y dirigido a reglamentar el accionar de fuerzas federales de seguridad<\/em>\u201c.\u00a0<em>\u201cNo advierto que el juez interviniente, para resolver el presente pleito, deba interpretar y aplicar normas de car\u00e1cter local\u201d<\/em>, concluy\u00f3.<\/p>\n<p>Por \u00faltimo, la titular de la Sala III,\u00a0<a href=\"https:\/\/ijudicial.gob.ar\/juez\/dra-gabriela-seijas\/\"><strong>Gabriela Seijas<\/strong><\/a>, sostuvo que<em>\u00a0\u201cm\u00e1s all\u00e1 de la\u00a0<strong>imprecisi\u00f3n conceptual<\/strong>\u00a0de lo que caracteriz\u00f3 como una medida cautelar autosatisfactiva, el juez de grado no dict\u00f3 una medida cautelar, tal como fue solicitado por los actores, sino que resolvi\u00f3 el fondo del asunto\u201d<\/em>.\u00a0<em>\u201cM\u00e1s all\u00e1 de la visi\u00f3n cr\u00edtica de los actores, nada hay en el expediente que demuestre la ilegalidad del acto atacado\u201d<\/em>, advirti\u00f3.\u00a0<em>\u201cLa lectura del fallo atacado pone en evidencia que la decisi\u00f3n tiene como sustento la\u00a0<strong>voluntad exclusiva del juez<\/strong>, quien en un marco procesal inadecuado, sin que el expediente hubiera sido correctamente asignado, luego de\u00a0<strong>avasallar elementales garant\u00edas constitucionales<\/strong>, se limit\u00f3 a manifestar su criterio disidente con actos de las autoridades nacionales. En s\u00edntesis, el juez eludi\u00f3 la cuesti\u00f3n planteada, utilizando argumentos irrelevantes que dan por sentado precisamente lo que deb\u00eda demostrarse\u201d<\/em>, concluy\u00f3.<\/p>\n<p>En su voto, la camarista en disidencia parcial, propici\u00f3 que se impusieran costas a la parte actora debido a lo que caracteriz\u00f3 como \u201c<em><strong>conducta temeraria<\/strong>\u00a0que justifica que carguen con las costas del proceso\u201d<\/em>, a la vez que<em>\u201chan hecho un\u00a0<strong>uso abusivo<\/strong>\u00a0del servicio de justicia\u201d<\/em>.-<\/p>\n<p>&nbsp;<\/p>\n<p><a href=\"http:\/\/gabrieliezzi.com\/portal\/wp-content\/uploads\/2019\/03\/Bregman-Myriam-Teresa-y-otros-contra-GCBA-sobre-incidentes-de-apelacion-amparo-impugnacion-e-inconstitucionalidad.pdf\">Resolucion Completa<\/a><\/p>\n<p>&nbsp;<\/p>\n<p>Publicado originalmente en <a href=\"https:\/\/ijudicial.gob.ar\/2019\/declaran-nula-la-cautelar-que-dispuso-la-inaplicabilidad-de-la-resolucion-956-18-del-ministerio-de-seguridad-de-la-nacion\/\">Ijudicial<\/a><\/p>\n","protected":false},"excerpt":{"rendered":"<p>Los integrantes de la Sala III de la C\u00e1mara de Apelaciones en lo Contencioso Administrativo y Tributario,\u00a0Esteban Centanaro,\u00a0Gabriela Seijas\u00a0y\u00a0Hugo Zuleta, resolvieron por\u00a0unanimidad\u00a0declarar la nulidad\u00a0de la resoluci\u00f3n dictada por el juez de primera instancia y ordenar&#8230;<\/p>\n","protected":false},"author":1,"featured_media":2041,"comment_status":"closed","ping_status":"closed","sticky":false,"template":"","format":"standard","meta":[],"categories":[2],"tags":[],"_links":{"self":[{"href":"https:\/\/gabrieliezzi.com\/portal\/wp-json\/wp\/v2\/posts\/2040"}],"collection":[{"href":"https:\/\/gabrieliezzi.com\/portal\/wp-json\/wp\/v2\/posts"}],"about":[{"href":"https:\/\/gabrieliezzi.com\/portal\/wp-json\/wp\/v2\/types\/post"}],"author":[{"embeddable":true,"href":"https:\/\/gabrieliezzi.com\/portal\/wp-json\/wp\/v2\/users\/1"}],"replies":[{"embeddable":true,"href":"https:\/\/gabrieliezzi.com\/portal\/wp-json\/wp\/v2\/comments?post=2040"}],"version-history":[{"count":1,"href":"https:\/\/gabrieliezzi.com\/portal\/wp-json\/wp\/v2\/posts\/2040\/revisions"}],"predecessor-version":[{"id":2043,"href":"https:\/\/gabrieliezzi.com\/portal\/wp-json\/wp\/v2\/posts\/2040\/revisions\/2043"}],"wp:featuredmedia":[{"embeddable":true,"href":"https:\/\/gabrieliezzi.com\/portal\/wp-json\/wp\/v2\/media\/2041"}],"wp:attachment":[{"href":"https:\/\/gabrieliezzi.com\/portal\/wp-json\/wp\/v2\/media?parent=2040"}],"wp:term":[{"taxonomy":"category","embeddable":true,"href":"https:\/\/gabrieliezzi.com\/portal\/wp-json\/wp\/v2\/categories?post=2040"},{"taxonomy":"post_tag","embeddable":true,"href":"https:\/\/gabrieliezzi.com\/portal\/wp-json\/wp\/v2\/tags?post=2040"}],"curies":[{"name":"wp","href":"https:\/\/api.w.org\/{rel}","templated":true}]}}