{"id":1782,"date":"2018-11-28T19:24:25","date_gmt":"2018-11-28T22:24:25","guid":{"rendered":"http:\/\/gabrieliezzi.com\/portal\/?p=1782"},"modified":"2018-11-28T19:24:25","modified_gmt":"2018-11-28T22:24:25","slug":"uber-quedo-firme-su-legalidad","status":"publish","type":"post","link":"https:\/\/gabrieliezzi.com\/portal\/2018\/11\/28\/uber-quedo-firme-su-legalidad\/","title":{"rendered":"UBER: qued\u00f3 firme su legalidad"},"content":{"rendered":"<p>Tras celebrar una audiencia oral, el titular del Juzgado n.\u00b0 7 en lo Penal, Contravencional y de Faltas de la Ciudad de Buenos Aires,\u00a0<strong>Javier Buj\u00e1n<\/strong>, dispuso hoy\u00a0<strong>absolver<\/strong>\u00a0a un conductor del servicio de transporte privado a trav\u00e9s de la plataforma electr\u00f3nica\u00a0<strong>UBER\u00a0<\/strong>en relaci\u00f3n con la infracci\u00f3n prevista y reprimida en el art. 6.1.49 segundo p\u00e1rrafo y 4.1.7 de la\u00a0<strong><a href=\"http:\/\/www2.cedom.gob.ar\/es\/legislacion\/normas\/leyes\/anexos\/al451.html\">Ley 451<\/a><\/strong>, por entender que la conducta es at\u00edpica en el marco de la misma, dado que la actividad se constituye en un\u00a0<strong>contrato de transporte privado innominado regulado en el C\u00f3digo Civil y Comercial de la Naci\u00f3n con contratos conexos.\u00a0<\/strong>Todo ello fue resuelto en el marco de la causa<em>\u201cB.M., A. sobre 6.1.49 Bis \u2013 Prestaci\u00f3n de servicio p\u00fablico de taxis sin habilitaci\u00f3n\u201d.<\/em><\/p>\n<p>En primer lugar, el magistrado record\u00f3 que la\u00a0<strong>Corte Suprema de Justicia de la Naci\u00f3n\u00a0<\/strong>ratific\u00f3 la legalidad de la empresa<strong>\u00a0UBER<\/strong>,\u00a0<em>\u201cconsiderada en las instancias previas como una actividad comercial l\u00edcita\u201d<\/em>,\u00a0cuando rechaz\u00f3 la queja del\u00a0<strong>Sindicato de Peones de Taxi<\/strong>\u00a0en agosto de este a\u00f1o.<\/p>\n<p>Por otra parte, se\u00f1al\u00f3 que algunos precedentes de la propia justicia Penal, Contravencional y de Faltas de la Ciudad de Buenos Aires, tales como\u00a0<em>\u201cSajoux s\/ infr. al Art. 86 C.C.\u201d<\/em>, declaran la\u00a0<strong>inexistencia de la contravenci\u00f3n<\/strong>\u00a0en t\u00e9rminos del art\u00edculo 86 de dicho c\u00f3digo.<\/p>\n<p>Sin embargo, sostuvo que la licitud y la atipicidad de la conducta en faltas\u00a0<strong><em>\u201cen nada impide a que el Estado entienda pertinente reglamentar su ejercicio en cierta medida en miras a preservar el orden p\u00fablico y la seguridad (art. 28 y 42 CN)\u201d<\/em><\/strong>, tal como lo hizo la provincia de\u00a0<strong>Mendoza<\/strong>\u00a0recientemente,\u00a0<em>\u201cpionera en el pa\u00eds en la materia de adecuaci\u00f3n normativa en materia de transporte por plataforma digital, quien por Ley 9.086 cre\u00f3 la figura del \u2018Transporte Privado a trav\u00e9s de Plataformas Electr\u00f3nicas&#8217;\u201d<\/em>.<\/p>\n<p>Buj\u00e1n cerr\u00f3 la audiencia haciendo suyas las palabras de Stephen Hawking\u00a0<em><strong>\u201cla inteligencia es la habilidad de adaptarse a los cambios\u201d<\/strong>;\u00a0<\/em>debiendo entonces<em>\u00a0aggiornarse<\/em>\u00a0al uso de las nuevas tecnolog\u00edas; adaptando y reglamentando lo pertinente para la utilizaci\u00f3n segura de las mismas sin menoscabar el derecho a la actividad comercial de los ciudadanos; as\u00ed como de elecci\u00f3n de los usuarios.-<\/p>\n<p>&nbsp;<\/p>\n<p>Publicado originalmente en <a href=\"https:\/\/ijudicial.gob.ar\/2018\/uber-quedo-firme-su-legalidad\/\">ijudicial<\/a><\/p>\n","protected":false},"excerpt":{"rendered":"<p>Tras celebrar una audiencia oral, el titular del Juzgado n.\u00b0 7 en lo Penal, Contravencional y de Faltas de la Ciudad de Buenos Aires,\u00a0Javier Buj\u00e1n, dispuso hoy\u00a0absolver\u00a0a un conductor del servicio de transporte privado a&#8230;<\/p>\n","protected":false},"author":1,"featured_media":1783,"comment_status":"closed","ping_status":"closed","sticky":false,"template":"","format":"standard","meta":[],"categories":[2],"tags":[],"_links":{"self":[{"href":"https:\/\/gabrieliezzi.com\/portal\/wp-json\/wp\/v2\/posts\/1782"}],"collection":[{"href":"https:\/\/gabrieliezzi.com\/portal\/wp-json\/wp\/v2\/posts"}],"about":[{"href":"https:\/\/gabrieliezzi.com\/portal\/wp-json\/wp\/v2\/types\/post"}],"author":[{"embeddable":true,"href":"https:\/\/gabrieliezzi.com\/portal\/wp-json\/wp\/v2\/users\/1"}],"replies":[{"embeddable":true,"href":"https:\/\/gabrieliezzi.com\/portal\/wp-json\/wp\/v2\/comments?post=1782"}],"version-history":[{"count":1,"href":"https:\/\/gabrieliezzi.com\/portal\/wp-json\/wp\/v2\/posts\/1782\/revisions"}],"predecessor-version":[{"id":1784,"href":"https:\/\/gabrieliezzi.com\/portal\/wp-json\/wp\/v2\/posts\/1782\/revisions\/1784"}],"wp:featuredmedia":[{"embeddable":true,"href":"https:\/\/gabrieliezzi.com\/portal\/wp-json\/wp\/v2\/media\/1783"}],"wp:attachment":[{"href":"https:\/\/gabrieliezzi.com\/portal\/wp-json\/wp\/v2\/media?parent=1782"}],"wp:term":[{"taxonomy":"category","embeddable":true,"href":"https:\/\/gabrieliezzi.com\/portal\/wp-json\/wp\/v2\/categories?post=1782"},{"taxonomy":"post_tag","embeddable":true,"href":"https:\/\/gabrieliezzi.com\/portal\/wp-json\/wp\/v2\/tags?post=1782"}],"curies":[{"name":"wp","href":"https:\/\/api.w.org\/{rel}","templated":true}]}}