{"id":1491,"date":"2018-09-04T11:45:49","date_gmt":"2018-09-04T14:45:49","guid":{"rendered":"http:\/\/gabrieliezzi.com\/portal\/?p=1491"},"modified":"2018-09-04T11:45:49","modified_gmt":"2018-09-04T14:45:49","slug":"el-poder-judicial-hace-sus-numeros-para-2019","status":"publish","type":"post","link":"https:\/\/gabrieliezzi.com\/portal\/2018\/09\/04\/el-poder-judicial-hace-sus-numeros-para-2019\/","title":{"rendered":"El Poder Judicial hace sus n\u00fameros para 2019"},"content":{"rendered":"<p>El Plenario del Consejo de la Magistratura de la Naci\u00f3n aprob\u00f3 el anteproyecto de presupuesto para el ejercicio econ\u00f3mico financiero del 2019, el cual asciende los $35.804.339.589.<\/p>\n<p>El mismo contiene gastos de personal, requerimientos de cargos\u00a0 y bienes de consumo. Tambi\u00e9n contempla la necesidad de contar con cr\u00e9dito suficiente para atender la reparaci\u00f3n de edificios y gastos de\u00a0los servicios b\u00e1sicos, alquileres, servicios tecnol\u00f3gicos y de vigilancia, entre otros.<\/p>\n<p>En materia de actualizaci\u00f3n tecnol\u00f3gica, el organismo\u00a0prev\u00e9 la incorporaci\u00f3n e incremento de equipamiento, software y servicios de monitoreo para seguridad en los edificios del Poder Judicial de la Naci\u00f3n. Con esta partida de dinero se busca atender los reclamos de los magistrados y funcionarios judiciales respecto a los problemas vinculados con la conectividad y sistemas inform\u00e1ticos.<\/p>\n<p>&nbsp;<\/p>\n<blockquote><p>El presupuesto\u00a0ser\u00e1 enviado a la Corte Suprema de Justicia de la Naci\u00f3n, que junto al suyo, lo remitir\u00e1 al Poder Ejecutivo para incorporarlos al Nacional, a la espera de la aprobaci\u00f3n del Congreso.<\/p><\/blockquote>\n<p>&nbsp;<\/p>\n<p>En materia de infraestructura, se consignaron fondos para la adquisici\u00f3n de un terreno donde se construir\u00e1 el edificio Judicial Federal con sede en la ciudad de Santa Fe. Adem\u00e1s se estable un plan de obras de construcci\u00f3n, conservaci\u00f3n y adecuaci\u00f3n de edificios en todo el pa\u00eds, que se centran principalmente en\u00a0la restauraci\u00f3n de fachadas, renovaci\u00f3n y actualizaci\u00f3n de instalaciones el\u00e9ctricas, acondicionamiento t\u00e9cnicos y reforma de instalaciones sanitarias.<\/p>\n<p>Tambi\u00e9n se destaca para el pr\u00f3ximo ejercicio la finalizaci\u00f3n de las obras en el Centro C\u00f3mputos del Tribunal Oral de Paran\u00e1 y en el Juzgado Federal de Campana, como as\u00ed tambi\u00e9n la ejecuci\u00f3n de proyectos relativos al Juzgado Federal N\u00b01 del Chaco, C\u00e1mara Federal de Apelaciones de C\u00f3rdoba, en la C\u00e1mara Nacional en lo Penal Econ\u00f3mico, entre otros.<\/p>\n<p>El presupuesto\u00a0ser\u00e1 enviado a la Corte Suprema de Justicia de la Naci\u00f3n, que junto al suyo, lo remitir\u00e1 al Poder Ejecutivo para incorporarlos al Nacional, a la espera de la aprobaci\u00f3n del Congreso.<\/p>\n<p>&nbsp;<\/p>\n<p>Publicado originalmente en <a href=\"http:\/\/www.diariojudicial.com\/nota\/81501\">Diariojudicial.com<\/a><\/p>\n","protected":false},"excerpt":{"rendered":"<p>El Plenario del Consejo de la Magistratura de la Naci\u00f3n aprob\u00f3 el anteproyecto de presupuesto para el ejercicio econ\u00f3mico financiero del 2019, el cual asciende los $35.804.339.589. El mismo contiene gastos de personal, requerimientos de&#8230;<\/p>\n","protected":false},"author":1,"featured_media":1492,"comment_status":"closed","ping_status":"closed","sticky":false,"template":"","format":"standard","meta":[],"categories":[2],"tags":[],"_links":{"self":[{"href":"https:\/\/gabrieliezzi.com\/portal\/wp-json\/wp\/v2\/posts\/1491"}],"collection":[{"href":"https:\/\/gabrieliezzi.com\/portal\/wp-json\/wp\/v2\/posts"}],"about":[{"href":"https:\/\/gabrieliezzi.com\/portal\/wp-json\/wp\/v2\/types\/post"}],"author":[{"embeddable":true,"href":"https:\/\/gabrieliezzi.com\/portal\/wp-json\/wp\/v2\/users\/1"}],"replies":[{"embeddable":true,"href":"https:\/\/gabrieliezzi.com\/portal\/wp-json\/wp\/v2\/comments?post=1491"}],"version-history":[{"count":1,"href":"https:\/\/gabrieliezzi.com\/portal\/wp-json\/wp\/v2\/posts\/1491\/revisions"}],"predecessor-version":[{"id":1493,"href":"https:\/\/gabrieliezzi.com\/portal\/wp-json\/wp\/v2\/posts\/1491\/revisions\/1493"}],"wp:featuredmedia":[{"embeddable":true,"href":"https:\/\/gabrieliezzi.com\/portal\/wp-json\/wp\/v2\/media\/1492"}],"wp:attachment":[{"href":"https:\/\/gabrieliezzi.com\/portal\/wp-json\/wp\/v2\/media?parent=1491"}],"wp:term":[{"taxonomy":"category","embeddable":true,"href":"https:\/\/gabrieliezzi.com\/portal\/wp-json\/wp\/v2\/categories?post=1491"},{"taxonomy":"post_tag","embeddable":true,"href":"https:\/\/gabrieliezzi.com\/portal\/wp-json\/wp\/v2\/tags?post=1491"}],"curies":[{"name":"wp","href":"https:\/\/api.w.org\/{rel}","templated":true}]}}