{"id":1278,"date":"2018-07-11T09:22:54","date_gmt":"2018-07-11T12:22:54","guid":{"rendered":"http:\/\/gabrieliezzi.com\/portal\/?p=1278"},"modified":"2018-07-11T09:22:54","modified_gmt":"2018-07-11T12:22:54","slug":"general-rodriguez-implementa-un-plan-integral-de-seguridad","status":"publish","type":"post","link":"https:\/\/gabrieliezzi.com\/portal\/2018\/07\/11\/general-rodriguez-implementa-un-plan-integral-de-seguridad\/","title":{"rendered":"General Rodr\u00edguez implementa un plan integral de seguridad"},"content":{"rendered":"<p>Durante la semana pasada, el Intendente Dar\u00edo Kubar y el secretario de Seguridad, Sergio Fern\u00e1ndez participaron de distintas reuniones y anuncios en materia de seguridad, tales como, la\u00a0apertura de la Comisar\u00eda de la Mujer, el\u00a0apoyo de fuerzas policiales nacionales en la lucha contra el narcotr\u00e1fico\u00a0y operativos de control y el\u00a0avance en la causa por las amenazas de bombas en las escuelas\u00a0de nuestro distrito.<\/p>\n<p>En cuanto a la reuniones de trabajo, el Jefe comunal fue recibido, el pasado jueves, por la ministra de Seguridad de la Naci\u00f3n, Patricia Bullrich, en la sede porte\u00f1a del Ministerio. Durante el encuentro, donde\u00a0tambi\u00e9n estuvo presente el\u00a0secretario de Gesti\u00f3n Federal de la Seguridad, Enrique Thomas y el secretario de Seguridad, Sergio Fern\u00e1ndez.<\/p>\n<p>Durante la audiencia el intendente Kubar le agradeci\u00f3 a la ministra por el fuerte acompa\u00f1amiento y le pidi\u00f3 seguir trabajando en conjunto. \u201cvamos a luchar fuertemente contra el narcotr\u00e1fico, reforzando\u00a0el trabajo operativo de las fuerzas policiales de la polic\u00eda federal de la Delegaci\u00f3n de Mercedes. Y adem\u00e1s, con operativos que van a comenzar a realizarse con las fuerzas de gendarmer\u00eda\u201d, asegur\u00f3 el Jefe comunal.<\/p>\n<p><img decoding=\"async\" loading=\"lazy\" class=\"alignnone size-full wp-image-1281\" src=\"http:\/\/gabrieliezzi.com\/portal\/wp-content\/uploads\/2018\/07\/WhatsApp-Image-2018-07-10-at-8.28.43-PM.jpeg\" alt=\"\" width=\"1024\" height=\"768\" srcset=\"https:\/\/gabrieliezzi.com\/portal\/wp-content\/uploads\/2018\/07\/WhatsApp-Image-2018-07-10-at-8.28.43-PM.jpeg 1024w, https:\/\/gabrieliezzi.com\/portal\/wp-content\/uploads\/2018\/07\/WhatsApp-Image-2018-07-10-at-8.28.43-PM-300x225.jpeg 300w, https:\/\/gabrieliezzi.com\/portal\/wp-content\/uploads\/2018\/07\/WhatsApp-Image-2018-07-10-at-8.28.43-PM-768x576.jpeg 768w\" sizes=\"(max-width: 1024px) 100vw, 1024px\" \/><br \/>\nAmbos funcionarios realizaron el pedido formal con la entrega de notas a trav\u00e9s de las cuales se solicitaba, adem\u00e1s de reforzar la seguridad con fuerzas federales y de la gendarmer\u00eda nacional,\u00a0la incorporaci\u00f3n de nuevos m\u00f3viles para patrullar la ciudad. Asimismo, otro tema importante que manifest\u00f3 el Intendente a la Ministra fue la r\u00e1pida designaci\u00f3n de un juez para que comience a funcionar el Departamento Judicial que tanta necesidad le hace alpartido.<\/p>\n<p>Por otra parte, la tan esperada Comisar\u00eda de la Mujer o Comisar\u00eda de G\u00e9nero y Familia de General Rodr\u00edguez ya tiene fecha de apertura, la cual ser\u00e1 en los primeros d\u00edas de agosto. Esta importante noticia se dio\u00a0a conocer tras la reuni\u00f3n que mantuvieron el secretario de Seguridad, Sergio Fern\u00e1ndez y la concejal Natalia Ruiz con la superintendente de Pol\u00edticas de G\u00e9nero de la provincia de Buenos Aires, Liliana Pineda. Ella misma fue quien comunic\u00f3 que\u00a0ya fueron asignados los efectivos que se necesitaban para que comience a funcionar la dependencia donde se recibir\u00e1n las denuncia de las mujeres que son v\u00edctimas de violencia de g\u00e9nero.<\/p>\n<p>Previamente a recibir esta noticia un grupo de vecinos del barrio Marab\u00f3\u00a0y representantes del Foro de la Comisaria Primera\u00a0que viajaron hasta la ciudad de La Plata se reunieron con el director de Relaciones Institucionales del Ministerio de Seguridad bonaerense, Andr\u00e9s Fern\u00e1ndez Sansone a quien le solicitaron\u00a0la puesta r\u00e1pida en funcionamiento del destacamento policial que se encuentra a la entrada del dicho barrio.<\/p>\n<p>Por \u00faltimo, otro de anuncios realizados en materia de seguridad, en funci\u00f3n de la denuncia que present\u00f3 el Intendente Kubar a ra\u00edz de las reiteradas amenazas de bomba que se ven\u00edan llevando adelante en los establecimientos\u00a0educativos del distrito, fue informar que luego del trabajo policial a cargo del Subcomisario Rub\u00e9n Gim\u00e9nez se pudo dar con dos menores de 13 y 14 a\u00f1os que hab\u00edan estado vinculados a intimidaci\u00f3n p\u00fablica en uno de los colegios y los padres se presentaron y\u00a0en funci\u00f3n de su responsabilidad se dar\u00eda una sanci\u00f3n econ\u00f3mica importante a ambos que podr\u00eda llegar hasta la suma de 50 mil pesos. A su vez, el pasado viernes se llev\u00f3 a cabo un allanamiento donde se notific\u00f3 a una persona de 17 a\u00f1os, y donde tambi\u00e9n se produjo\u00a0el secuestro de un celular.<\/p>\n<p><img decoding=\"async\" loading=\"lazy\" class=\"alignnone size-full wp-image-1282\" src=\"http:\/\/gabrieliezzi.com\/portal\/wp-content\/uploads\/2018\/07\/WhatsApp-Image-2018-07-10-at-8.28.52-PM.jpeg\" alt=\"\" width=\"1280\" height=\"853\" srcset=\"https:\/\/gabrieliezzi.com\/portal\/wp-content\/uploads\/2018\/07\/WhatsApp-Image-2018-07-10-at-8.28.52-PM.jpeg 1280w, https:\/\/gabrieliezzi.com\/portal\/wp-content\/uploads\/2018\/07\/WhatsApp-Image-2018-07-10-at-8.28.52-PM-300x200.jpeg 300w, https:\/\/gabrieliezzi.com\/portal\/wp-content\/uploads\/2018\/07\/WhatsApp-Image-2018-07-10-at-8.28.52-PM-768x512.jpeg 768w, https:\/\/gabrieliezzi.com\/portal\/wp-content\/uploads\/2018\/07\/WhatsApp-Image-2018-07-10-at-8.28.52-PM-1024x682.jpeg 1024w\" sizes=\"(max-width: 1280px) 100vw, 1280px\" \/><br \/>\nA estos petitorios y reuniones se suma el trabajo en conjunto entre el Municipio, las fuerzas policiales nacionales, provinciales y locales a trav\u00e9s del cual comenzaron a desarrollarse distintos operativos de\u00a0saturaci\u00f3n y control vehicular en barrios y puntos de ingreso y egreso del distrito.<\/p>\n<p>El objetivo de esta iniciativa &#8211; tal como qued\u00f3 expresado en aquel encuentro que se llev\u00f3 a cabo en el SUM del Polideportivo- es reforzar el trabajo en equipo y maximizar los esfuerzos con acciones conjuntas desde\u00a0cada una de las dependencias policiales, en funci\u00f3n de llevar a los vecinos mayor tranquilidad. Para ello se inici\u00f3 un plan de contingencia que permitir\u00e1 m\u00e1s presencia policial en las calles.<\/p>\n<p>&nbsp;<\/p>\n","protected":false},"excerpt":{"rendered":"<p>Durante la semana pasada, el Intendente Dar\u00edo Kubar y el secretario de Seguridad, Sergio Fern\u00e1ndez participaron de distintas reuniones y anuncios en materia de seguridad, tales como, la\u00a0apertura de la Comisar\u00eda de la Mujer, el\u00a0apoyo&#8230;<\/p>\n","protected":false},"author":1,"featured_media":1279,"comment_status":"closed","ping_status":"closed","sticky":false,"template":"","format":"standard","meta":[],"categories":[2],"tags":[],"_links":{"self":[{"href":"https:\/\/gabrieliezzi.com\/portal\/wp-json\/wp\/v2\/posts\/1278"}],"collection":[{"href":"https:\/\/gabrieliezzi.com\/portal\/wp-json\/wp\/v2\/posts"}],"about":[{"href":"https:\/\/gabrieliezzi.com\/portal\/wp-json\/wp\/v2\/types\/post"}],"author":[{"embeddable":true,"href":"https:\/\/gabrieliezzi.com\/portal\/wp-json\/wp\/v2\/users\/1"}],"replies":[{"embeddable":true,"href":"https:\/\/gabrieliezzi.com\/portal\/wp-json\/wp\/v2\/comments?post=1278"}],"version-history":[{"count":1,"href":"https:\/\/gabrieliezzi.com\/portal\/wp-json\/wp\/v2\/posts\/1278\/revisions"}],"predecessor-version":[{"id":1283,"href":"https:\/\/gabrieliezzi.com\/portal\/wp-json\/wp\/v2\/posts\/1278\/revisions\/1283"}],"wp:featuredmedia":[{"embeddable":true,"href":"https:\/\/gabrieliezzi.com\/portal\/wp-json\/wp\/v2\/media\/1279"}],"wp:attachment":[{"href":"https:\/\/gabrieliezzi.com\/portal\/wp-json\/wp\/v2\/media?parent=1278"}],"wp:term":[{"taxonomy":"category","embeddable":true,"href":"https:\/\/gabrieliezzi.com\/portal\/wp-json\/wp\/v2\/categories?post=1278"},{"taxonomy":"post_tag","embeddable":true,"href":"https:\/\/gabrieliezzi.com\/portal\/wp-json\/wp\/v2\/tags?post=1278"}],"curies":[{"name":"wp","href":"https:\/\/api.w.org\/{rel}","templated":true}]}}