{"id":1203,"date":"2018-07-01T15:41:25","date_gmt":"2018-07-01T18:41:25","guid":{"rendered":"http:\/\/gabrieliezzi.com\/portal\/?p=1203"},"modified":"2018-07-01T15:41:25","modified_gmt":"2018-07-01T18:41:25","slug":"espectacular-fuga-en-helicoptero-de-uno-de-los-presos-mas-famosos-de-francia","status":"publish","type":"post","link":"https:\/\/gabrieliezzi.com\/portal\/2018\/07\/01\/espectacular-fuga-en-helicoptero-de-uno-de-los-presos-mas-famosos-de-francia\/","title":{"rendered":"Espectacular fuga en helic\u00f3ptero de uno de los presos m\u00e1s famosos de Francia"},"content":{"rendered":"<p>La emisora \u201cFrance Info\u201d detall\u00f3 que tres individuos con armas de guerra lo sacaron del centro penitenciario y lo llevaron hasta el helic\u00f3ptero posado en sus cercan\u00edas, en una operaci\u00f3n en la que no hubo heridos ni rehenes.<\/p>\n<p>El aparato fue hallado incendiado entre los aeropuertos parisinos de Le Bourget y de Charles de Gaulle, y sus ocupantes, seg\u00fan la fuente, continuaron la fuga en coche.<\/p>\n<p>Fa\u00efd hab\u00eda sido condenado hace menos de tres meses a 25 a\u00f1os de c\u00e1rcel como organizador de un atraco a un furg\u00f3n blindado que provoc\u00f3 la muerte de una polic\u00eda en 2010 en Val-de-Marne, en las afueras de la capital francesa.<\/p>\n<p>En 2017, hab\u00eda sido sentenciado a diez a\u00f1os por haberse escapado de la c\u00e1rcel el 13 de abril de 2013. En esa ocasi\u00f3n, utiliz\u00f3 explosivos y retuvo a funcionarios.<\/p>\n<p>Esa fuga llev\u00f3 a que Francia -adem\u00e1s de movilizar a sus fuerzas del orden- lanzara una orden internacional de busca y captura ante la sospecha de que hab\u00eda huido a alg\u00fan pa\u00eds vecino, pero el preso fue capturado seis semanas despu\u00e9s, de madrugada, en un hotel de la regi\u00f3n de Par\u00eds.<\/p>\n<p>El secretario del sindicato policial Alliance Police, Lo\u00efc Travers, indic\u00f3 hoy en la cadena \u201cBFMTV\u201d que se ha abierto una investigaci\u00f3n sobre lo sucedido y alert\u00f3 de la peligrosidad del hombre, dado que est\u00e1 armado.<\/p>\n<p>&nbsp;<\/p>\n<p>Publicado originalmente en <a href=\"http:\/\/www.hoy.com.py\">hoy.com.py<\/a><\/p>\n","protected":false},"excerpt":{"rendered":"<p>La emisora \u201cFrance Info\u201d detall\u00f3 que tres individuos con armas de guerra lo sacaron del centro penitenciario y lo llevaron hasta el helic\u00f3ptero posado en sus cercan\u00edas, en una operaci\u00f3n en la que no hubo&#8230;<\/p>\n","protected":false},"author":1,"featured_media":1204,"comment_status":"closed","ping_status":"closed","sticky":false,"template":"","format":"standard","meta":[],"categories":[2],"tags":[],"_links":{"self":[{"href":"https:\/\/gabrieliezzi.com\/portal\/wp-json\/wp\/v2\/posts\/1203"}],"collection":[{"href":"https:\/\/gabrieliezzi.com\/portal\/wp-json\/wp\/v2\/posts"}],"about":[{"href":"https:\/\/gabrieliezzi.com\/portal\/wp-json\/wp\/v2\/types\/post"}],"author":[{"embeddable":true,"href":"https:\/\/gabrieliezzi.com\/portal\/wp-json\/wp\/v2\/users\/1"}],"replies":[{"embeddable":true,"href":"https:\/\/gabrieliezzi.com\/portal\/wp-json\/wp\/v2\/comments?post=1203"}],"version-history":[{"count":1,"href":"https:\/\/gabrieliezzi.com\/portal\/wp-json\/wp\/v2\/posts\/1203\/revisions"}],"predecessor-version":[{"id":1208,"href":"https:\/\/gabrieliezzi.com\/portal\/wp-json\/wp\/v2\/posts\/1203\/revisions\/1208"}],"wp:featuredmedia":[{"embeddable":true,"href":"https:\/\/gabrieliezzi.com\/portal\/wp-json\/wp\/v2\/media\/1204"}],"wp:attachment":[{"href":"https:\/\/gabrieliezzi.com\/portal\/wp-json\/wp\/v2\/media?parent=1203"}],"wp:term":[{"taxonomy":"category","embeddable":true,"href":"https:\/\/gabrieliezzi.com\/portal\/wp-json\/wp\/v2\/categories?post=1203"},{"taxonomy":"post_tag","embeddable":true,"href":"https:\/\/gabrieliezzi.com\/portal\/wp-json\/wp\/v2\/tags?post=1203"}],"curies":[{"name":"wp","href":"https:\/\/api.w.org\/{rel}","templated":true}]}}