{"id":1187,"date":"2018-06-28T15:53:31","date_gmt":"2018-06-28T18:53:31","guid":{"rendered":"http:\/\/gabrieliezzi.com\/portal\/?p=1187"},"modified":"2018-06-28T15:53:31","modified_gmt":"2018-06-28T18:53:31","slug":"fallos-penales-de-interes-general-resistencia-a-la-autoridad","status":"publish","type":"post","link":"https:\/\/gabrieliezzi.com\/portal\/2018\/06\/28\/fallos-penales-de-interes-general-resistencia-a-la-autoridad\/","title":{"rendered":"Fallos Penales de Inter\u00e9s General: Resistencia a la autoridad"},"content":{"rendered":"<p>El fallo de la Sala VI de la C\u00e1mara Nacional de Apelaciones en lo Criminal y Correccional de la Capital Federal en autos \u201cC., P. A. s\/ procesamiento\u201d (causa 5.359\/2018) rta. 19\/4\/18, donde la Sala interviene con motivo del recurso de apelaci\u00f3n interpuesto por la defensa del imputado contra el auto del juez de la instancia de origen que lo proces\u00f3 como autor del delito de resistencia a la autoridad (art. 239 CP). Los vocales revocaron la resoluci\u00f3n y sobreseyeron al imputado.<\/p>\n<p>Explicaron, con cita doctrinaria y jurisprudencial, que la conducta del encausado no queda abarcada por el art\u00edculo 239 del C\u00f3digo Penal, dado que fue en respuesta a una actuaci\u00f3n ileg\u00edtima e injustificada de la oficial preventora. Que la agente hab\u00eda sido alertada por el Departamento de Emergencias que le indic\u00f3 que un hombre que ten\u00eda una cicatriz en el rostro y vest\u00eda remera gris y bermuda de jeans, merodeaba \u201ccon actitud sospechosa\u201d por las inmediaciones del lugar. Al advertir que \u00e9ste se encontraba frente a una panader\u00eda y notar el imputado su presencia, intent\u00f3 salir caminando r\u00e1pidamente, siendo agresivo cuando intent\u00f3 identificarlo, insult\u00e1ndola, escupi\u00e9ndola y empuj\u00e1ndola cuando pretendi\u00f3 escapar, resultando detenido con la ayuda de otra uniformada.\u00a0 Indicaron los vocales que, dadas las particularidades de lo sucedido, no se verifican en el caso los <em>\u201cindicios vehementes de culpabilidad\u201d<\/em> o <em>\u201ccircunstancias debidamente fundadas\u201d<\/em> de que el sospechoso hubiese participado de un hecho il\u00edcito, ni consta en el expediente que fuere conocido en la zona por haber participado en infracciones a la ley. Agregaron que su identificaci\u00f3n fue arbitraria, tornando at\u00edpica la resistencia a la autoridad que se le imputa, pues es necesaria una oposici\u00f3n activa a un acto funcional en ejecuci\u00f3n y la orden proveniente del funcionario p\u00fablico debe ser emitida leg\u00edtimamente.<\/p>\n<p>&nbsp;<\/p>\n<p><a href=\"http:\/\/gabrieliezzi.com\/portal\/wp-content\/uploads\/2018\/06\/N\u00b0-89-C-P-A-.pdf\">Fallo Completo<\/a><\/p>\n","protected":false},"excerpt":{"rendered":"<p>El fallo de la Sala VI de la C\u00e1mara Nacional de Apelaciones en lo Criminal y Correccional de la Capital Federal en autos \u201cC., P. A. s\/ procesamiento\u201d (causa 5.359\/2018) rta. 19\/4\/18, donde la Sala&#8230;<\/p>\n","protected":false},"author":1,"featured_media":794,"comment_status":"closed","ping_status":"closed","sticky":false,"template":"","format":"standard","meta":[],"categories":[6],"tags":[],"_links":{"self":[{"href":"https:\/\/gabrieliezzi.com\/portal\/wp-json\/wp\/v2\/posts\/1187"}],"collection":[{"href":"https:\/\/gabrieliezzi.com\/portal\/wp-json\/wp\/v2\/posts"}],"about":[{"href":"https:\/\/gabrieliezzi.com\/portal\/wp-json\/wp\/v2\/types\/post"}],"author":[{"embeddable":true,"href":"https:\/\/gabrieliezzi.com\/portal\/wp-json\/wp\/v2\/users\/1"}],"replies":[{"embeddable":true,"href":"https:\/\/gabrieliezzi.com\/portal\/wp-json\/wp\/v2\/comments?post=1187"}],"version-history":[{"count":1,"href":"https:\/\/gabrieliezzi.com\/portal\/wp-json\/wp\/v2\/posts\/1187\/revisions"}],"predecessor-version":[{"id":1189,"href":"https:\/\/gabrieliezzi.com\/portal\/wp-json\/wp\/v2\/posts\/1187\/revisions\/1189"}],"wp:featuredmedia":[{"embeddable":true,"href":"https:\/\/gabrieliezzi.com\/portal\/wp-json\/wp\/v2\/media\/794"}],"wp:attachment":[{"href":"https:\/\/gabrieliezzi.com\/portal\/wp-json\/wp\/v2\/media?parent=1187"}],"wp:term":[{"taxonomy":"category","embeddable":true,"href":"https:\/\/gabrieliezzi.com\/portal\/wp-json\/wp\/v2\/categories?post=1187"},{"taxonomy":"post_tag","embeddable":true,"href":"https:\/\/gabrieliezzi.com\/portal\/wp-json\/wp\/v2\/tags?post=1187"}],"curies":[{"name":"wp","href":"https:\/\/api.w.org\/{rel}","templated":true}]}}