{"id":1021,"date":"2018-06-03T19:05:24","date_gmt":"2018-06-03T22:05:24","guid":{"rendered":"http:\/\/gabrieliezzi.com\/portal\/?p=1021"},"modified":"2018-06-03T19:05:24","modified_gmt":"2018-06-03T22:05:24","slug":"1-900-tobilleras-electronicas-para-proteger-a-las-victimas-de-violencia-de-genero","status":"publish","type":"post","link":"https:\/\/gabrieliezzi.com\/portal\/2018\/06\/03\/1-900-tobilleras-electronicas-para-proteger-a-las-victimas-de-violencia-de-genero\/","title":{"rendered":"1.900 tobilleras electr\u00f3nicas para proteger a las victimas de violencia de g\u00e9nero"},"content":{"rendered":"<p>El Ministerio de Justicia y Derechos Humanos adjudic\u00f3 esta semana la contrataci\u00f3n de 1.925 pulseras electr\u00f3nicas que ser\u00e1n utilizadas para casos de violencia de g\u00e9nero, monitoreando el cumplimiento de las medidas cautelares.<\/p>\n<p>Los mecanismos de protecci\u00f3n se entregar\u00e1n a las provincias que los soliciten, previa firma de convenios, para su implementaci\u00f3n en cada jurisdicci\u00f3n.<\/p>\n<p>La puesta en marcha de esta acci\u00f3n a nivel federal, se enmarca en el Plan Nacional de Acci\u00f3n para la Prevenci\u00f3n, Asistencia y Erradicaci\u00f3n de la Violencia contra las Mujeres del\u00a0 Gobierno Nacional, que en su prueba piloto obtuvo resultados exitosos.<\/p>\n<p>En una primera fase se otorgaron 144 dispositivos a C\u00f3rdoba, Mendoza, Salta, Buenos Aires, Chubut, Neuqu\u00e9n, Santa Fe, La Pampa y Tierra del Fuego. Ahora, se espera aumentar la dotaci\u00f3n de dispositivos en estas jurisdicciones y\u00a0 sumar a nuevas provincias.<\/p>\n<p>\u201cEl uso de estos mecanismos de protecci\u00f3n representa un cambio de modelo para la atenci\u00f3n de esta problem\u00e1tica. Entre otros beneficios, permite que la v\u00edctima pueda retomar sus actividades cotidianas fuera y dentro de su residencia, sin quedar desprotegida por el Estado\u201d, se\u00f1al\u00f3 Mar\u00eda Fernanda Rodr\u00edguez, subsecretaria de Acceso a la Justicia.<\/p>\n<p>Con motivo del pr\u00f3ximo Consejo Federal de Justicia (COFEJUS) se entregar\u00e1n los primeros 300 dispositivos y se espera firmar acuerdos con la Ciudad Aut\u00f3noma de Buenos Aires y la provincia de Entre R\u00edos, entre otras, a fin de que se incorporen a la iniciativa.<\/p>\n<p>Las tobilleras son herramientas de \u00faltima tecnolog\u00eda usadas en el control, monitoreo y aseguramiento de medidas cautelares dispuestas en el marco de procesos judiciales de violencia contra la mujer. Su uso est\u00e1 previsto para casos de alto riesgo.<\/p>\n<p>\u201cLos dispositivos duales se colocan tanto en v\u00edctimas como en agresores, y a trav\u00e9s de un mecanismo de geolocalizaci\u00f3n activan una alarma en caso de que se detecte la proximidad de la otra persona que trae la tobillera consigo. Se trata de un apoyo a las medidas cautelares que supera tecnol\u00f3gicamente al bot\u00f3n anti p\u00e1nico\u201d resalt\u00f3 Rodr\u00edguez.<\/p>\n<p>A la par de la entrega de las tobilleras electr\u00f3nicas, el Ministerio de Justicia impulsa la adopci\u00f3n de un fuero unificado para causas judiciales de violencia de g\u00e9nero intrafamiliar y sexual, que evite la fragmentaci\u00f3n entre los aspectos civiles y penales del caso,\u00a0 pero a su vez incluya las respectivas leyes procesales y dote de mejores herramientas al operador judicial (fiscal, defensor y juez).<\/p>\n<p>La iniciativa, denominada Ley Modelo para la Creaci\u00f3n del Equipo Judicial Especializado en Violencia Intrafamiliar y Sexual, est\u00e1 en l\u00ednea con la Ley de Protecci\u00f3n integral para prevenir, sancionar y erradicar la violencia contra las mujeres en los \u00e1mbitos en que desarrollen sus relaciones interpersonales (Ley 26.485).<\/p>\n<p>Entre otros aspectos, propone la creaci\u00f3n de un equipo judicial interdisciplinario que acompa\u00f1e a la v\u00edctima desde el inicio de la denuncia y durante todo el proceso judicial, a partir del apoyo jur\u00eddico, psicol\u00f3gico y social de profesionales especializados.<\/p>\n<p>Este equipo funcionar\u00eda dentro del Modelo de Atenci\u00f3n Integral (MAI) que coordina la actuaci\u00f3n de todos los profesionales que tienen contacto con la v\u00edctima. Adem\u00e1s de avanzar en la investigaci\u00f3n judicial, el modelo proporcionar\u00eda asistencia integral especializada de manera gratuita y oportuna.\u00a0 Actualmente se est\u00e1 trabajando para que las provincias lo incorporen en sus jurisdicciones.<\/p>\n<p>&nbsp;<\/p>\n<p>Publicado originalmente en <a href=\"http:\/\/www.jus.gob.ar\/prensa\/noticia.aspx?id=3066\">jus.gob.ar<\/a><\/p>\n","protected":false},"excerpt":{"rendered":"<p>El Ministerio de Justicia y Derechos Humanos adjudic\u00f3 esta semana la contrataci\u00f3n de 1.925 pulseras electr\u00f3nicas que ser\u00e1n utilizadas para casos de violencia de g\u00e9nero, monitoreando el cumplimiento de las medidas cautelares. Los mecanismos de&#8230;<\/p>\n","protected":false},"author":1,"featured_media":1022,"comment_status":"closed","ping_status":"closed","sticky":false,"template":"","format":"standard","meta":[],"categories":[2],"tags":[],"_links":{"self":[{"href":"https:\/\/gabrieliezzi.com\/portal\/wp-json\/wp\/v2\/posts\/1021"}],"collection":[{"href":"https:\/\/gabrieliezzi.com\/portal\/wp-json\/wp\/v2\/posts"}],"about":[{"href":"https:\/\/gabrieliezzi.com\/portal\/wp-json\/wp\/v2\/types\/post"}],"author":[{"embeddable":true,"href":"https:\/\/gabrieliezzi.com\/portal\/wp-json\/wp\/v2\/users\/1"}],"replies":[{"embeddable":true,"href":"https:\/\/gabrieliezzi.com\/portal\/wp-json\/wp\/v2\/comments?post=1021"}],"version-history":[{"count":1,"href":"https:\/\/gabrieliezzi.com\/portal\/wp-json\/wp\/v2\/posts\/1021\/revisions"}],"predecessor-version":[{"id":1023,"href":"https:\/\/gabrieliezzi.com\/portal\/wp-json\/wp\/v2\/posts\/1021\/revisions\/1023"}],"wp:featuredmedia":[{"embeddable":true,"href":"https:\/\/gabrieliezzi.com\/portal\/wp-json\/wp\/v2\/media\/1022"}],"wp:attachment":[{"href":"https:\/\/gabrieliezzi.com\/portal\/wp-json\/wp\/v2\/media?parent=1021"}],"wp:term":[{"taxonomy":"category","embeddable":true,"href":"https:\/\/gabrieliezzi.com\/portal\/wp-json\/wp\/v2\/categories?post=1021"},{"taxonomy":"post_tag","embeddable":true,"href":"https:\/\/gabrieliezzi.com\/portal\/wp-json\/wp\/v2\/tags?post=1021"}],"curies":[{"name":"wp","href":"https:\/\/api.w.org\/{rel}","templated":true}]}}